{"id":5464,"date":"2022-12-02T08:55:27","date_gmt":"2022-12-02T08:55:27","guid":{"rendered":"https:\/\/visitsplitcroatia.com\/?p=5464"},"modified":"2023-02-12T07:03:41","modified_gmt":"2023-02-12T07:03:41","slug":"diocletians-palace-architecture-how-was-diocletians-palace-built","status":"publish","type":"post","link":"https:\/\/visitsplitcroatia.com\/pl\/architektura-palacu-dioklecjana-jak-zbudowano-palac-dioklecjana\/","title":{"rendered":"Architektura Pa\u0142acu Dioklecjana | Jak zbudowano Pa\u0142ac Dioklecjana"},"content":{"rendered":"<p><\/p>\n\n\n\n<p><strong>Architektura Pa\u0142acu Dioklecjana odzwierciedla g\u0142\u00f3wne cechy architektury hellenistycznej i rzymskiej. Podobnie jak wielu jego poprzednik\u00f3w, cesarz Dioklecjan by\u0142 zapalonym budowniczym i zatrudnia\u0142 najlepszych architekt\u00f3w z obszaru zhellenizowanego Wschodu (Syria, Egipt), aby nadzorowali realizacj\u0119 projektu. \u0141ukowate nadpro\u017ce nad Prothironem g\u0142\u00f3wnego dziedzi\u0144ca Perystylu jest najlepszym przyk\u0142adem rozleg\u0142ych wp\u0142yw\u00f3w architektonicznych szko\u0142y Azji Mniejszej w projekcie Pa\u0142acu<\/strong>.<\/p>\n\n\n\n<p><\/p>\n\n\n\n<figure class=\"wp-block-image size-large\"><a href=\"https:\/\/visitsplitcroatia.com\/wp-content\/uploads\/2022\/12\/palace-architercture-1.jpg\"><img decoding=\"async\" width=\"1024\" height=\"683\" src=\"https:\/\/visitsplitcroatia.com\/wp-content\/uploads\/2022\/12\/palace-architercture-1-1024x683.jpg\" alt=\"Architektura Pa\u0142acu Dioklecjana\" class=\"wp-image-5468\"\/><\/a><\/figure>\n\n\n\n<p><em>Staro\u017cytna Agora: Perystyl z otaczaj\u0105c\u0105 go imponuj\u0105c\u0105 kolumnad\u0105, Prothiron podkre\u015blony syryjskim \u0142ukowatym nadpro\u017cem oraz staro\u017cytny egipski Sfinks z czarnego granitu.<\/em><\/p>\n\n\n\n<p><\/p>\n\n\n\n<p><\/p>\n\n\n\n<p><\/p>\n\n\n\n<h2 class=\"wp-block-heading\"><strong>Jak zbudowano Pa\u0142ac Dioklecjana w Splicie? Budowniczowie i architekci<\/strong><\/h2>\n\n\n\n<p>Dzi\u0119ki wsp\u00f3lnym si\u0142om setek wysoko wykwalifikowanych zagranicznych robotnik\u00f3w oraz lokalnych wytw\u00f3rc\u00f3w z Bra\u010du i Salony uda\u0142o si\u0119 uko\u0144czy\u0107 budow\u0119 w ci\u0105gu 10 lat, od 295 do 305 r. n.e., co pozwoli\u0142o Dioklecjanowi na wprowadzenie si\u0119 1 maja 305 r. n.e.<\/p>\n\n\n\n<p><\/p>\n\n\n\n<p><\/p>\n\n\n\n<p><\/p>\n\n\n\n<h2 class=\"wp-block-heading\"><strong>Dioklecjan<\/strong><strong>&nbsp;Architektura pa\u0142acowa: u\u017cyte materia\u0142y<\/strong><\/h2>\n\n\n\n<p>Materia\u0142ami bazowymi by\u0142y lokalne wysokiej jako\u015bci wapienie z kamienio\u0142om\u00f3w Rasoha, Stra\u017ei\u0161\u0107e i Plate na wyspie Bra\u010d oraz kamienio\u0142om\u00f3w Seget w Sutilije. Rzymska ceg\u0142a tegula pochodzi\u0142a z manufaktur w Salonie, a tuf wydobywano z lokalnych rzek.<\/p>\n\n\n\n<p> Materia\u0142y dekoracyjne by\u0142y importowane. Obejmowa\u0142y szerok\u0105 gam\u0119 polichromowanych marmur\u00f3w, granit\u00f3w i wapieni, sprowadzanych z ca\u0142ego Imperium.<\/p>\n\n\n\n<figure class=\"wp-block-pullquote has-very-light-gray-to-cyan-bluish-gray-gradient-background has-background\"><blockquote><p><strong>WSKAZ\u00d3WKA:<\/strong> sprawd\u017a i zarezerwuj swoje ulubione wycieczki i aktywno\u015bci Z WYPRZEDZENIEM TUTAJ:<br>Ten <a href=\"https:\/\/visitsplitcroatia.com\/pl\/tour\/plitvice-lakes-tour-from-split\/\">Jednodniowa wycieczka do Parku Narodowego Jezior Plitwickich<\/a> I <a href=\"https:\/\/visitsplitcroatia.com\/pl\/tour\/split-bus-tour\/\">Wycieczka autobusem turystycznym APODOS Open-Top Split<\/a> to najlepsze zaj\u0119cia, w kt\u00f3rych warto wzi\u0105\u0107 udzia\u0142, b\u0119d\u0105c w Splicie<\/p><\/blockquote><\/figure>\n\n\n\n<p><\/p>\n\n\n\n<figure class=\"wp-block-embed is-type-video is-provider-youtube wp-block-embed-youtube wp-embed-aspect-16-9 wp-has-aspect-ratio\"><div class=\"wp-block-embed__wrapper\">\n<iframe title=\"Split Chorwacja Zwiedzanie | City Tour Split | Split Chorwacja Autobus Tour | Split Chorwacja Atrakcje\" width=\"500\" height=\"281\" src=\"https:\/\/www.youtube.com\/embed\/Y5omH19MOcE?feature=oembed\" frameborder=\"0\" allow=\"accelerometer; autoplay; clipboard-write; encrypted-media; gyroscope; picture-in-picture; web-share\" referrerpolicy=\"strict-origin-when-cross-origin\" allowfullscreen><\/iframe>\n<\/div><\/figure>\n\n\n\n<p><\/p>\n\n\n\n<h2 class=\"wp-block-heading\"><strong>Architektura Pa\u0142acu Dioklecjana:<\/strong>&nbsp; <strong>Ten<\/strong> <strong>G\u0142\u00f3wne cechy architektoniczne<\/strong><\/h2>\n\n\n\n<figure class=\"wp-block-table\"><table><tbody><tr><td><strong>TYPOLOGIA\/KATEGORIA<\/strong><\/td><td><strong>Cesarska willa mieszkalna \u0142\u0105cz\u0105ca w sobie cechy rzymskiego pa\u0142acu cesarskiego, rzymskiego zamku i grecko-rzymskiego miasta.<\/strong><\/td><\/tr><tr><td><strong>LOKALIZACJA<\/strong><\/td><td><strong>Staro\u017cytny Aspalathos w rzymskiej prowincji Dalmacji: wsp\u00f3\u0142czesny Split, \u015arodkowa Dalmacja, Chorwacja<\/strong><\/td><\/tr><tr><td><strong>ERA<\/strong><\/td><td><strong>P\u00f3\u017ana staro\u017cytno\u015b\u0107: koniec 3<sup>rd<\/sup>-wcze\u015bnie 4<sup>t<\/sup> wieku naszej ery. Zbudowany w latach 295-305 n.e.<\/strong><\/td><\/tr><tr><td><strong>Powierzchnia ca\u0142kowita<\/strong><\/td><td><strong>38 000 m2<\/strong><\/td><\/tr><tr><td><strong>ARCHITEKCI<\/strong><\/td><td><strong>Pomnik Anepigraficzny <\/strong><strong>Tradycja wskazuje na Filotasa i Zotikosa jako g\u0142\u00f3wnych architekt\u00f3w<\/strong><\/td><\/tr><tr><td><strong>PRZYBORY<\/strong><\/td><td><strong>Materia\u0142y bazowe: wapie\u0144 z kamienio\u0142om\u00f3w Rasoha, Stra\u017ei\u0161\u0107e i Plate na wyspie Bra\u010d oraz kamienio\u0142om\u00f3w Seget w Sutilije. <\/strong><strong>Tegula z ceg\u0142y rzymskiej produkowana w Salonie, <\/strong><strong>tuf z lokalnych rzek.<\/strong>&nbsp;<strong>Materia\u0142y dekoracyjne: bia\u0142y marmur prokonessia\u0144ski, grecki marmur z g\u00f3ry Pentelikon, grecki zielony Cipollino, szary porfir, Lapis Lacedaemonius ze Sparty, egipski czarny porfir, turecki Pavonazzetto, Verde Antico z Tesalii, Oniks (egipski alabaster)<\/strong>&nbsp;<\/td><\/tr><tr><td><strong>UNESCO<\/strong><\/td><td><strong>Data wpisu: 1979 <\/strong><strong>Kryteria spe\u0142nione: nr 2,3,4.<\/strong><\/td><\/tr><tr><td><strong>G\u0141\u00d3WNE ULICE<\/strong><\/td><td><strong>Cardo (p\u00f3\u0142noc-po\u0142udnie) i Decumanus (wsch\u00f3d-zach\u00f3d)<\/strong><\/td><\/tr><tr><td><strong>G\u0141\u00d3WNE CZ\u0118\u015aCI<\/strong><\/td><td><strong>Po\u0142udnie: obszar cesarski, mieszkalny i kultowy <\/strong><strong>P\u00f3\u0142noc: obszar logistyczny<\/strong><\/td><\/tr><tr><td><strong>\u015aWI\u0104TYNIE<\/strong><\/td><td><strong>\u015awi\u0105tynia Jowisza (Mauzoleum), Ma\u0142a \u015awi\u0105tynia, \u015awi\u0105tynia Wenery, \u015awi\u0105tynia Kybele<\/strong><\/td><\/tr><tr><td><strong>WEJ\u015aCIA<\/strong><\/td><td><strong>Wej\u015bcie P\u00f3\u0142nocne: Z\u0142ota Brama (Porta Aurea) <\/strong><strong>Wej\u015bcie Po\u0142udniowe: Brama Br\u0105zowa (Porta Aenea) <\/strong><strong>Wej\u015bcie Wschodnie: Brama Srebrna (Porta Argentea) <\/strong><strong>Wej\u015bcie zachodnie: Brama \u017belazna (Porta Ferrea)<\/strong><\/td><\/tr><tr><td><strong>INNE G\u0141\u00d3WNE STRONY<\/strong><\/td><td><strong>Katedra \u015bw. Dujama (DOMNIUSA), Dzwonnica Katedry, Przedsionek, Podbudowy (Piwnice, PIWNICE)<\/strong><\/td><\/tr><\/tbody><\/table><figcaption class=\"wp-element-caption\"><strong><em>Tabela utworzona przez: www.visitsplitcroatia.com<\/em><\/strong><\/figcaption><\/figure>\n\n\n\n<h4 class=\"wp-block-heading\"><strong><em>&nbsp;<\/em><\/strong><\/h4>\n\n\n\n<figure class=\"wp-block-pullquote\"><blockquote><p>Dlaczego najlepiej zwiedza\u0107 Pa\u0142ac Dioklecjana z lokalnym przewodnikiem?<br><br><\/p><cite><a href=\"https:\/\/visitsplitcroatia.com\/pl\/tour\/podzielona-wycieczka-piesza-2\/\">Wycieczki piesze<\/a> naprawd\u0119 zabierze Ci\u0119 poza utarte szlaki!<br>POZW\u00d3L, ABY TWOIM LOKALNYM EKSPERTEM PRZEJ\u0104\u0141 PROWADZENIE, ABY\u015a NAPRAWD\u0118 M\u00d3G\u0141 ch\u0142on\u0105\u0107 lokaln\u0105 kultur\u0119.<br> O WIELE LEPIEJ JEST ODKRYWA\u0106 NOWE MIEJSCE, s\u0142uchaj\u0105c wci\u0105gaj\u0105cych historii i anegdot!<br>NIE WAHAJ SI\u0118 ZAPYTA\u0106 SWOJEGO PRZEWODNIKA O NAJLEPSZE MIEJSCA DO PRACY NA FOTKACH, NAJLEPSZE BARTY, RESTAURACJE I SKLEPY W TERENIE!<br>W APODOS jeste\u015bmy dumni z naszych DOSKONA\u0141YCH lokalnych ekspert\u00f3w, kt\u00f3rzy s\u0105 dost\u0119pni, aby spotka\u0107 si\u0119 z Tob\u0105 przez ca\u0142y dzie\u0144, KA\u017bDEGO DNIA! \u2013 wi\u0119c wykorzystaj jak najlepiej sw\u00f3j czas w Splicie i do\u0142\u0105cz do nas<br> <a href=\"https:\/\/visitsplitcroatia.com\/pl\/tour\/podzielona-wycieczka-piesza-2\/\">nasza NAJLEPSZA WYCIECZKA PIESZA<\/a><\/cite><\/blockquote><\/figure>\n\n\n\n<h3 class=\"has-text-align-center wp-block-heading\">Obejrzyj ten kr\u00f3tki film i sprawd\u017a, co nasi go\u015bcie m\u00f3wi\u0105 o swoich <a href=\"https:\/\/visitsplitcroatia.com\/pl\/tour\/podzielona-wycieczka-piesza-2\/\">WYCIECZKA PIESZA<\/a> do\u015bwiadczenie z APODOS:<\/h3>\n\n\n\n<p><\/p>\n\n\n\n<figure class=\"wp-block-embed is-type-video is-provider-youtube wp-block-embed-youtube wp-embed-aspect-16-9 wp-has-aspect-ratio\"><div class=\"wp-block-embed__wrapper\">\n<iframe title=\"Split Chorwacja Piesza Wycieczka | Pa\u0142ac Dioklecjana z APODOS Travel Agency\" width=\"500\" height=\"281\" src=\"https:\/\/www.youtube.com\/embed\/QbH9WScB7_A?feature=oembed\" frameborder=\"0\" allow=\"accelerometer; autoplay; clipboard-write; encrypted-media; gyroscope; picture-in-picture; web-share\" referrerpolicy=\"strict-origin-when-cross-origin\" allowfullscreen><\/iframe>\n<\/div><\/figure>\n\n\n\n<p><\/p>\n\n\n\n<p><\/p>\n\n\n\n<h2 class=\"wp-block-heading\"><strong>Dioklecjan<\/strong><strong> Architektura pa\u0142acowa: struktura i uk\u0142ad<\/strong><\/h2>\n\n\n\n<p>Pa\u0142ac cesarza Dioklecjana w Splicie zosta\u0142 zbudowany jako niedoskona\u0142a konstrukcja trapezowa o powierzchni oko\u0142o 38 000 m2 (prawie 4 hektary ca\u0142kowitej powierzchni). D\u0142ugo\u015b\u0107 cz\u0119\u015bci zachodniej i wschodniej przekracza 200 m, a cz\u0119\u015bci p\u00f3\u0142nocnej i po\u0142udniowej maj\u0105 d\u0142ugo\u015b\u0107 oko\u0142o 180 m. Je\u015bli chodzi o wysoko\u015b\u0107 mur\u00f3w, maj\u0105 one 25 m wysoko\u015bci.<\/p>\n\n\n\n<p>G\u00f3rna kondygnacja fasady po\u0142udniowej wznosi\u0142a si\u0119 nad niedawno odkrytym kompleksem portowym i by\u0142a otwarta monumentalnym gankiem zwr\u00f3conym w stron\u0119 morza, tworz\u0105c tzw. <em>Kryptoportyczny<\/em>o: rodzaj wewn\u0119trznego prywatnego balkonu przypominaj\u0105cego promenad\u0119.<\/p>\n\n\n\n<p><\/p>\n\n\n\n<p>Prywatne rezydencje cesarskie z pokojami letnimi i zimowymi budowano po obu stronach jadalni zwanej <em>Triklinium.<\/em> Wzd\u0142u\u017c \u015bcian wszystkich pozosta\u0142ych \u015bcian: wschodniej, p\u00f3\u0142nocnej i zachodniej rozmieszczono sale z du\u017cymi oknami \u0142ukowymi.<\/p>\n\n\n\n<p><\/p>\n\n\n\n<blockquote class=\"wp-block-quote is-layout-flow wp-block-quote-is-layout-flow\">\n<p><em>Artyku\u0142 ten zosta\u0142 pierwotnie opublikowany na blogu agencji turystycznej APODOS.<\/em> <em>Artyku\u0142 stanowi w\u0142asno\u015b\u0107 intelektualn\u0105 bloga biura podr\u00f3\u017cy APODOS i jest chroniony zgodnie z odpowiednimi przepisami prawa chorwackiego, prawa europejskiego i konwencji mi\u0119dzynarodowych.<\/em> <em>Tre\u015bci nie mog\u0105 by\u0107 kopiowane, reprodukowane, przesy\u0142ane, dystrybuowane, pobierane ani przenoszone w jakiejkolwiek formie lub za pomoc\u0105 jakichkolwiek \u015brodk\u00f3w bez uprzedniej pisemnej zgody APODOS Travel Agency Blog. Naruszenie praw autorskich jest naruszeniem prawa podlegaj\u0105cym karom karnym i cywilnym.<\/em><\/p>\n\n\n\n<p>AUTOR <\/p>\n\n\n<div class=\"wp-block-post-author has-background has-very-light-gray-to-cyan-bluish-gray-gradient-background\"><div class=\"wp-block-post-author__content\"><p class=\"wp-block-post-author__name\">Magdalena Boron<\/p><\/div><\/div>\n\n<\/blockquote>\n\n\n\n<figure class=\"wp-block-image size-large\"><a href=\"https:\/\/visitsplitcroatia.com\/wp-content\/uploads\/2022\/12\/palace-architecture-2.jpg\"><img decoding=\"async\" width=\"1024\" height=\"683\" src=\"https:\/\/visitsplitcroatia.com\/wp-content\/uploads\/2022\/12\/palace-architecture-2-1024x683.jpg\" alt=\"Architektura Pa\u0142acu Dioklecjana\" class=\"wp-image-5476\"\/><\/a><\/figure>\n\n\n\n<p><em>Perystyl znajdowa\u0142 si\u0119 tu\u017c przy przekroju Pa\u0142acu, gdzie zbiega\u0142y si\u0119 dwie g\u0142\u00f3wne ulice \u2013 Cardo i Decumanus \u2013 i mie\u015bci\u0142 Temenos ze swoimi staro\u017cytnymi kapliczkami i \u015bwi\u0105tyniami.<\/em><\/p>\n\n\n\n<p><\/p>\n\n\n\n<p><\/p>\n\n\n\n<h2 class=\"wp-block-heading\"><strong>Wyj\u0105tkowo\u015b\u0107 architektury pa\u0142acu Dioklecjana<\/strong><\/h2>\n\n\n\n<p>Wyj\u0105tkowo\u015b\u0107 architektury Pa\u0142acu Dioklecjana polega na tym, \u017ce stanowi ona w istocie po\u0142\u0105czenie trzech r\u00f3\u017cnych element\u00f3w:<\/p>\n\n\n\n<p><\/p>\n\n\n\n<p>1. Pa\u0142ac jest will\u0105 mieszkaln\u0105, w kt\u00f3rej cesarz rzymski sp\u0119dza\u0142 lata swojej emerytury.<\/p>\n\n\n\n<p><\/p>\n\n\n\n<p>2. Jest to ufortyfikowana budowla pocz\u0105tkowo otoczona 16 naprzemiennie kwadratowymi i o\u015bmiok\u0105tnymi wie\u017cami stra\u017cniczymi, kt\u00f3re j\u0105 chroni\u0142y ze wszystkich stron. Na ka\u017cdym rogu zaprojektowano 4 du\u017ce wie\u017ce stra\u017cnicze, uzupe\u0142nione mniejszymi wie\u017cami rozci\u0105gaj\u0105cymi si\u0119 wzd\u0142u\u017c mur\u00f3w.<\/p>\n\n\n\n<p><\/p>\n\n\n\n<p>3. Pa\u0142ac cesarza Dioklecjana zosta\u0142 wybudowany jako wierna miniatura typowego grecko-rzymskiego miasta.<\/p>\n\n\n\n<p><\/p>\n\n\n\n<p><\/p>\n\n\n\n<p>Ten typowy uk\u0142ad obejmowa\u0142 dwie g\u0142\u00f3wne ulice o szeroko\u015bci 12 metr\u00f3w, z kolumnadami, kt\u00f3re dzieli\u0142y ca\u0142y Pa\u0142ac na 4 idealne czw\u00f3rki. Ale co najwa\u017cniejsze, dzi\u0119ki takiemu uk\u0142adowi osi\u0105gni\u0119to wyra\u017ane rozdzielenie cz\u0119\u015bci po\u0142udniowej i p\u00f3\u0142nocnej Pa\u0142acu.<\/p>\n\n\n\n<p>Po\u0142udniowa cz\u0119\u015b\u0107 by\u0142a cz\u0119\u015bci\u0105 mieszkaln\u0105 Imperium, a p\u00f3\u0142nocna mie\u015bci\u0142a ca\u0142\u0105 logistyk\u0119 Pa\u0142acu, w tym s\u0142u\u017cb\u0119, stra\u017cnik\u00f3w i stacjonuj\u0105ce jednostki wojskowe.<\/p>\n\n\n\n<p><\/p>\n\n\n\n<figure class=\"wp-block-embed is-type-video is-provider-youtube wp-block-embed-youtube wp-embed-aspect-16-9 wp-has-aspect-ratio\"><div class=\"wp-block-embed__wrapper\">\n<iframe title=\"SPLIT CHORWACJA Mini VLOG podr\u00f3\u017cniczy | Co robi\u0107 w Splicie uchwycone w 1 MINUT\u0118\" width=\"500\" height=\"281\" src=\"https:\/\/www.youtube.com\/embed\/O3zVNAydvCI?feature=oembed\" frameborder=\"0\" allow=\"accelerometer; autoplay; clipboard-write; encrypted-media; gyroscope; picture-in-picture; web-share\" referrerpolicy=\"strict-origin-when-cross-origin\" allowfullscreen><\/iframe>\n<\/div><\/figure>\n\n\n\n<p><\/p>\n\n\n\n<p><\/p>\n\n\n\n<h2 class=\"wp-block-heading\"><strong>Architektura Pa\u0142acu Dioklecjana: Dwie g\u0142\u00f3wne staro\u017cytne ulice Cardo i Decumanus<\/strong><\/h2>\n\n\n\n<p><em><strong>Karta <\/strong><\/em>Ulica bieg\u0142a z p\u00f3\u0142nocy na po\u0142udnie i \u0142\u0105czy\u0142a g\u0142\u00f3wne i najbardziej reprezentacyjne wej\u015bcie do Pa\u0142acu: Porta Praetoria (p\u00f3\u017aniej nazwan\u0105 Porta Aurea, co oznacza Z\u0142ot\u0105 Bram\u0119: renesansowy termin u\u017cywany do dzi\u015b. W j\u0119zyku chorwackim nazwa brzmi Zlatna Vrata) z najskromniejszym wej\u015bciem zwanym Porta Aenea, co oznacza Br\u0105zow\u0105 Bram\u0119.<\/p>\n\n\n\n<p><\/p>\n\n\n\n<p><\/p>\n\n\n\n<p><strong><em>Dekuman<\/em> <\/strong>staro\u017cytna ulica bieg\u0142a ze wschodu na zach\u00f3d. W ten spos\u00f3b Wschodnia Porta Argentea lub Porta Orientalis, p\u00f3\u017aniej zwana Srebrn\u0105 Bram\u0105, by\u0142a bezpo\u015brednio po\u0142\u0105czona z Zachodni\u0105 Porta Ferrea: \u017belazn\u0105 Bram\u0105.<\/p>\n\n\n\n<p><\/p>\n\n\n\n<p><\/p>\n\n\n\n<p>Podczas 6<sup>t<\/sup> W wieku naszej ery na terenie dawnego korytarza widokowego Z\u0142otej Bramy zbudowano ko\u015bci\u00f3\u0142 pod wezwaniem \u015bw. Marcina, a t\u0119 sam\u0105 adaptacj\u0119 zastosowano w Bramie \u017belaznej, gdzie wzniesiono ko\u015bci\u00f3\u0142 pod wezwaniem \u015bw. Teodora z najstarsz\u0105 przedroma\u0144sk\u0105 dzwonnic\u0105 w Dalmacji.<\/p>\n\n\n\n<p>Najnowsze ustalenia potwierdzaj\u0105 tez\u0119, \u017ce w miejscu, gdzie dwie g\u0142\u00f3wne drogi si\u0119 przecinaj\u0105, <em>tetrakionion\/ tetrapylo<\/em>struktura n istnia\u0142a.<\/p>\n\n\n\n<p><\/p>\n\n\n\n<p><\/p>\n\n\n\n<h2 class=\"wp-block-heading\"><strong>Architektura Pa\u0142acu Dioklecjana: Perystyl | G\u0142\u00f3wny dziedziniec<\/strong><\/h2>\n\n\n\n<p>Na przekroju poprzecznym znajdowa\u0142o si\u0119 <em>Perystyl<\/em>:wielkie otwarte podw\u00f3rze. Od greckiego <em>Perystylion (\u03a0\u03b5\u03c1\u03b9\u03c3\u03c4\u03cd\u03bb\u03b9\u03bf\u03bd)<\/em> oznaczaj\u0105ce \u201eotoczony kolumnami\u201d. Rzeczywi\u015bcie, imponuj\u0105ca kolumnada otaczaj\u0105ca staro\u017cytn\u0105 agor\u0119 sk\u0142ada\u0142a si\u0119 z granitowych i marmurowych kolumn, zwie\u0144czonych kapitelami w stylu korynckim. Zastosowanie szerokiej gamy materia\u0142\u00f3w stworzy\u0142o efekt polichromii.<\/p>\n\n\n\n<figure class=\"wp-block-image size-large\"><a href=\"https:\/\/visitsplitcroatia.com\/wp-content\/uploads\/2022\/12\/palace-architecture-3.jpg\"><img decoding=\"async\" width=\"1024\" height=\"683\" src=\"https:\/\/visitsplitcroatia.com\/wp-content\/uploads\/2022\/12\/palace-architecture-3-1024x683.jpg\" alt=\"\" class=\"wp-image-5483\"\/><\/a><\/figure>\n\n\n\n<h2 class=\"wp-block-heading\"><strong>Dioklecjan<\/strong><strong> Architektura pa\u0142acowa: koncepcja staro\u017cytnego Temenos<\/strong><\/h2>\n\n\n\n<p>Zgodnie z klasycznymi tradycjami greckimi najwa\u017cniejsz\u0105 cz\u0119\u015bci\u0105 Perystylu by\u0142 <em>Temenos<\/em> <em>(grecki \u03a4\u03ad\u03bc\u03b5\u03bd\u03bf\u03c2)<\/em>, kt\u00f3ry funkcjonowa\u0142 jako <em>Ieron (Ieron).<\/em> By\u0142o to miejsce \u015bwi\u0119te, w kt\u00f3rym znajdowa\u0142y si\u0119 kaplice i \u015bwi\u0105tynie.<\/p>\n\n\n\n<p>Wej\u015bcie do Temenos zosta\u0142o zaakcentowane czterema masywnymi kolumnami z czerwonego granitu. Ca\u0142e podej\u015bcie architektoniczne odzwierciedla z\u0142o\u017cono\u015b\u0107 r\u00f3\u017cnych staro\u017cytnych kult\u00f3w, kt\u00f3re by\u0142y cz\u0119\u015bci\u0105 codziennego \u017cycia tego p\u00f3\u017anoantycznego rzymskiego pa\u0142acu.<\/p>\n\n\n\n<p><\/p>\n\n\n\n<p><\/p>\n\n\n\n<blockquote class=\"wp-block-quote is-layout-flow wp-block-quote-is-layout-flow\">\n<p class=\"has-medium-font-size\"><strong>Chcesz dowiedzie\u0107 si\u0119 wi\u0119cej o Pa\u0142acu Dioklecjana w Splicie?<\/strong><\/p>\n\n\n\n<p>Do\u0142\u0105cz do nas na NAJLEPIEJ OCENIANEJ wycieczce pieszej po Splicie!<\/p>\n\n\n\n<p><a href=\"https:\/\/visitsplitcroatia.com\/pl\/tour\/podzielona-wycieczka-piesza-2\/\">Split Walking Tour \u2013 3 wycieczki dziennie \u2013 Apodos Travel Agency <\/a><\/p>\n<\/blockquote>\n\n\n\n<p><\/p>\n\n\n\n<blockquote class=\"wp-block-quote is-layout-flow wp-block-quote-is-layout-flow\">\n<p class=\"has-medium-font-size\"><strong>Chcesz zwiedzi\u0107 Split nie tylko od strony Pa\u0142acu Dioklecjana?<\/strong><\/p>\n\n\n\n<p>Nie ma lepszego sposobu, aby to zrobi\u0107, ni\u017c skorzystanie z naszego autobusu turystycznego z odkrytym dachem<\/p>\n\n\n\n<p><a href=\"https:\/\/visitsplitcroatia.com\/pl\/tour\/split-bus-tour\/\">Split Bus Tour \u2013 Biuro Podr\u00f3\u017cy Apodos <\/a><\/p>\n<\/blockquote>\n\n\n\n<p><\/p>\n\n\n\n<blockquote class=\"wp-block-quote is-layout-flow wp-block-quote-is-layout-flow\">\n<p class=\"has-medium-font-size\"><strong>Szukasz najlepszych jednodniowych wycieczek ze Splitu?<\/strong><\/p>\n\n\n\n<p>Do\u0142\u0105cz do nas i prze\u017cyj niezapomniane chwile \u2013 wycieczk\u0119 po Jeziorach Plitwickich ze Splitu!<\/p>\n<cite><a href=\"https:\/\/visitsplitcroatia.com\/pl\/tour\/plitvice-lakes-tour-from-split\/\">Najlepsza wycieczka ze Splitu - Park Narodowy Jezior Plitwickich <\/a><\/cite><\/blockquote>\n\n\n\n<p><\/p>\n\n\n\n<figure class=\"wp-block-pullquote\"><blockquote><p><strong><em>Podoba\u0142a Ci si\u0119 lektura?<\/em><\/strong><\/p><cite><strong><em>OTO INNE POWI\u0104ZANE, WSPANIA\u0141E ARTYKU\u0141Y, KT\u00d3RYCH NIE MO\u017bESZ PRZEGAPI\u0106:<\/em><\/strong><\/cite><\/blockquote><\/figure>\n\n\n\n<p><a href=\"https:\/\/visitsplitcroatia.com\/pl\/palac-dioklecjana-w-splicie-kompletny-przewodnik-podrozny\/\">Pa\u0142ac Dioklecjana w Splicie \u2013 kompletny przewodnik turystyczny<\/a><\/p>\n\n\n\n<p><\/p>\n\n\n\n<p><\/p>","protected":false},"excerpt":{"rendered":"<p>Architektura pa\u0142acu Dioklecjana odzwierciedla g\u0142\u00f3wne cechy architektury hellenistycznej i rzymskiej. Podobnie jak wielu jego poprzednik\u00f3w, cesarz Dioklecjan by\u0142 zapalonym budowniczym i zatrudnia\u0142 najlepszych architekt\u00f3w z obszaru zhellenizowanego Wschodu (Syria, Egipt), aby nadzorowali [\u2026]<\/p>","protected":false},"author":70,"featured_media":5476,"comment_status":"closed","ping_status":"closed","sticky":false,"template":"","format":"standard","meta":{"footnotes":""},"categories":[16,114,118],"tags":[105,106,107,102,103,104],"class_list":["post-5464","post","type-post","status-publish","format-standard","has-post-thumbnail","hentry","category-travel-tips","category-split-croatia","category-split-croatia-travel-guide","tag-diocletians-palace","tag-diocletians-palace-architecture","tag-how-was-diocletians-palace-built","tag-split","tag-split-croatia","tag-split-walking-tour"],"_links":{"self":[{"href":"https:\/\/visitsplitcroatia.com\/pl\/wp-json\/wp\/v2\/posts\/5464","targetHints":{"allow":["GET"]}}],"collection":[{"href":"https:\/\/visitsplitcroatia.com\/pl\/wp-json\/wp\/v2\/posts"}],"about":[{"href":"https:\/\/visitsplitcroatia.com\/pl\/wp-json\/wp\/v2\/types\/post"}],"author":[{"embeddable":true,"href":"https:\/\/visitsplitcroatia.com\/pl\/wp-json\/wp\/v2\/users\/70"}],"replies":[{"embeddable":true,"href":"https:\/\/visitsplitcroatia.com\/pl\/wp-json\/wp\/v2\/comments?post=5464"}],"version-history":[{"count":104,"href":"https:\/\/visitsplitcroatia.com\/pl\/wp-json\/wp\/v2\/posts\/5464\/revisions"}],"predecessor-version":[{"id":5830,"href":"https:\/\/visitsplitcroatia.com\/pl\/wp-json\/wp\/v2\/posts\/5464\/revisions\/5830"}],"wp:featuredmedia":[{"embeddable":true,"href":"https:\/\/visitsplitcroatia.com\/pl\/wp-json\/wp\/v2\/media\/5476"}],"wp:attachment":[{"href":"https:\/\/visitsplitcroatia.com\/pl\/wp-json\/wp\/v2\/media?parent=5464"}],"wp:term":[{"taxonomy":"category","embeddable":true,"href":"https:\/\/visitsplitcroatia.com\/pl\/wp-json\/wp\/v2\/categories?post=5464"},{"taxonomy":"post_tag","embeddable":true,"href":"https:\/\/visitsplitcroatia.com\/pl\/wp-json\/wp\/v2\/tags?post=5464"}],"curies":[{"name":"wp","href":"https:\/\/api.w.org\/{rel}","templated":true}]}}