{"id":5532,"date":"2022-12-10T06:39:16","date_gmt":"2022-12-10T06:39:16","guid":{"rendered":"https:\/\/visitsplitcroatia.com\/?p=5532"},"modified":"2023-02-12T07:03:05","modified_gmt":"2023-02-12T07:03:05","slug":"diocletians-palace-in-split-a-complete-travel-guide","status":"publish","type":"post","link":"https:\/\/visitsplitcroatia.com\/pt\/palacio-de-diocleciano-em-split-um-guia-de-viagem-completo\/","title":{"rendered":"Pal\u00e1cio de Diocleciano em Split | Um Guia de Viagem Completo"},"content":{"rendered":"<p class=\"has-large-font-size\"><\/p>\n\n\n<div id=\"ez-toc-container\" class=\"ez-toc-v2_0_62 counter-hierarchy ez-toc-counter ez-toc-grey ez-toc-container-direction\">\n<div class=\"ez-toc-title-container\">\n<p class=\"ez-toc-title\" >\u00cdndice<\/p>\n<span class=\"ez-toc-title-toggle\"><a href=\"#\" class=\"ez-toc-pull-right ez-toc-btn ez-toc-btn-xs ez-toc-btn-default ez-toc-toggle\" aria-label=\"Alternar \u00edndice\"><span class=\"ez-toc-js-icon-con\"><span class=\"\"><span class=\"eztoc-hide\" style=\"display:none;\">Alternar<\/span><span class=\"ez-toc-icon-toggle-span\"><svg style=\"fill: #999;color:#999\" xmlns=\"http:\/\/www.w3.org\/2000\/svg\" class=\"list-377408\" width=\"20px\" height=\"20px\" viewbox=\"0 0 24 24\" fill=\"none\"><path d=\"M6 6H4v2h2V6zm14 0H8v2h12V6zM4 11h2v2H4v-2zm16 0H8v2h12v-2zM4 16h2v2H4v-2zm16 0H8v2h12v-2z\" fill=\"currentColor\"><\/path><\/svg><svg style=\"fill: #999;color:#999\" class=\"arrow-unsorted-368013\" xmlns=\"http:\/\/www.w3.org\/2000\/svg\" width=\"10px\" height=\"10px\" viewbox=\"0 0 24 24\" version=\"1.2\" baseprofile=\"tiny\"><path d=\"M18.2 9.3l-6.2-6.3-6.2 6.3c-.2.2-.3.4-.3.7s.1.5.3.7c.2.2.4.3.7.3h11c.3 0 .5-.1.7-.3.2-.2.3-.5.3-.7s-.1-.5-.3-.7zM5.8 14.7l6.2 6.3 6.2-6.3c.2-.2.3-.5.3-.7s-.1-.5-.3-.7c-.2-.2-.4-.3-.7-.3h-11c-.3 0-.5.1-.7.3-.2.2-.3.5-.3.7s.1.5.3.7z\"\/><\/svg><\/span><\/span><\/span><\/a><\/span><\/div>\n<nav><ul class='ez-toc-list ez-toc-list-level-1' ><li class='ez-toc-page-1 ez-toc-heading-level-2'><a class=\"ez-toc-link ez-toc-heading-1\" href=\"https:\/\/visitsplitcroatia.com\/pt\/palacio-de-diocleciano-em-split-um-guia-de-viagem-completo\/#Diocletians_Palace_in_Split_Historical_Development_and_Value\" title=\"Pal\u00e1cio de Diocleciano em Split: Desenvolvimento Hist\u00f3rico e Valor\">Pal\u00e1cio de Diocleciano em Split: Desenvolvimento Hist\u00f3rico e Valor<\/a><\/li><li class='ez-toc-page-1 ez-toc-heading-level-2'><a class=\"ez-toc-link ez-toc-heading-2\" href=\"https:\/\/visitsplitcroatia.com\/pt\/palacio-de-diocleciano-em-split-um-guia-de-viagem-completo\/#Why_Was_Diocletians_Palace_Built\" title=\"Por que o Pal\u00e1cio de Diocleciano foi constru\u00eddo?\">Por que o Pal\u00e1cio de Diocleciano foi constru\u00eddo?&nbsp;<\/a><\/li><li class='ez-toc-page-1 ez-toc-heading-level-2'><a class=\"ez-toc-link ez-toc-heading-3\" href=\"https:\/\/visitsplitcroatia.com\/pt\/palacio-de-diocleciano-em-split-um-guia-de-viagem-completo\/#Diocletians_Palace_in_Split_The_Choice_of_the_Location\" title=\"Pal\u00e1cio de Diocleciano em Split: A Escolha do Local\">Pal\u00e1cio de Diocleciano em Split: A Escolha do Local<\/a><\/li><li class='ez-toc-page-1 ez-toc-heading-level-2'><a class=\"ez-toc-link ez-toc-heading-4\" href=\"https:\/\/visitsplitcroatia.com\/pt\/palacio-de-diocleciano-em-split-um-guia-de-viagem-completo\/#The_Egyptian_Sphinx_of_Diocletians_Palace_in_Split\" title=\"A Esfinge Eg\u00edpcia do Pal\u00e1cio de Diocleciano em Split\">A Esfinge Eg\u00edpcia do Pal\u00e1cio de Diocleciano em Split<\/a><\/li><li class='ez-toc-page-1 ez-toc-heading-level-2'><a class=\"ez-toc-link ez-toc-heading-5\" href=\"https:\/\/visitsplitcroatia.com\/pt\/palacio-de-diocleciano-em-split-um-guia-de-viagem-completo\/#All_The_Temples_of_Emperor_Diocletians_Palace_in_Split\" title=\"Todos os templos do pal\u00e1cio do imperador Diocleciano em Split\">Todos os templos do pal\u00e1cio do imperador Diocleciano em Split<\/a><\/li><li class='ez-toc-page-1 ez-toc-heading-level-2'><a class=\"ez-toc-link ez-toc-heading-6\" href=\"https:\/\/visitsplitcroatia.com\/pt\/palacio-de-diocleciano-em-split-um-guia-de-viagem-completo\/#The_Prothiron_and_the_Vestibule_of_Emperor_Diocletians_Palace_in_Split\" title=\"O Prothiron e o Vest\u00edbulo do Pal\u00e1cio do Imperador Diocleciano em Split\">O Prothiron e o Vest\u00edbulo do Pal\u00e1cio do Imperador Diocleciano em Split<\/a><\/li><li class='ez-toc-page-1 ez-toc-heading-level-2'><a class=\"ez-toc-link ez-toc-heading-7\" href=\"https:\/\/visitsplitcroatia.com\/pt\/palacio-de-diocleciano-em-split-um-guia-de-viagem-completo\/#The_Substructures_of_Diocletians_Palace_in_Split\" title=\"As subestruturas do Pal\u00e1cio de Diocleciano em Split\"> As subestruturas do Pal\u00e1cio de Diocleciano em Split    <\/a><\/li><\/ul><\/nav><\/div>\n\n\n\n\n<p><strong>O Pal\u00e1cio de Diocleciano em Split foi constru\u00eddo como uma vila residencial para a qual o imperador romano Diocleciano<\/strong> <strong>aposentou-se ap\u00f3s sua abdica\u00e7\u00e3o em 305 d.C. Este exemplar da arquitetura romana da antiguidade tardia, o mais bem preservado do mundo,<\/strong> <strong>combina caracter\u00edsticas de um Pal\u00e1cio Imperial e de um Castrum Romano fortificado,<\/strong> <strong>enquanto exibe um layout de uma cidade greco-romana t\u00edpica.<\/strong> <strong>O nome Pal\u00e1cio \u00e9 tradicionalmente utilizado para indicar que a estrutura<\/strong> <strong>foi concebido para funcionar como uma Vila Residencial Imperial,<\/strong> <strong>um lugar onde um imperador romano e sua fam\u00edlia residiriam.<\/strong> <strong>O Pal\u00e1cio de Diocleciano em Split evoluiu para uma cidade ap\u00f3s a queda do vizinho<\/strong> <strong>capital da prov\u00edncia da Dalm\u00e1cia, Salona por volta de 640 d.C.<\/strong><\/p>\n\n\n\n<figure class=\"wp-block-image size-large\"><a href=\"https:\/\/visitsplitcroatia.com\/wp-content\/uploads\/2022\/12\/palace-architercture-1.jpg\"><img decoding=\"async\" width=\"1024\" height=\"683\" src=\"https:\/\/visitsplitcroatia.com\/wp-content\/uploads\/2022\/12\/palace-architercture-1-1024x683.jpg\" alt=\"Pal\u00e1cio de Diocleciano em Split\" class=\"wp-image-5468\"\/><\/a><figcaption class=\"wp-element-caption\"><em>Vista do p\u00e1tio principal: o Peristilo, localizado bem no cora\u00e7\u00e3o do Pal\u00e1cio de Split. Podemos distinguir facilmente as colunas de granito vermelho encimadas por capit\u00e9is em estilo cor\u00edntio, destacando a entrada para a \u00e1rea sagrada de Temenos.<\/em>&nbsp;<\/figcaption><\/figure>\n\n\n\n<p><\/p>\n\n\n\n<h2 class=\"wp-block-heading\"><span class=\"ez-toc-section\" id=\"Diocletians_Palace_in_Split_Historical_Development_and_Value\"><\/span>Pal\u00e1cio de Diocleciano em Split: Desenvolvimento Hist\u00f3rico e Valor<span class=\"ez-toc-section-end\"><\/span><\/h2>\n\n\n\n<p><strong>Pal\u00e1cio de Diocleciano em Split <\/strong>\u00e9 uma das primeiras unidades urbanas a ser inscrita na Lista do Patrim\u00f4nio Mundial da UNESCO em 1979 e representa a obra de arquitetura da antiguidade tardia mais bem preservada do mundo devido ao seu grau de preserva\u00e7\u00e3o e ao fen\u00f4meno de camadas arquitet\u00f4nicas \u00fanicas que exibe, combinando formas da antiguidade tardia, arte do cristianismo primitivo, bizantina e medieval. <\/p>\n\n\n\n<p><\/p>\n\n\n\n<p>Segundo a UNESCO, as subestruturas do Pal\u00e1cio do Imperador Diocleciano, juntamente com o n\u00facleo hist\u00f3rico e as muralhas circundantes, constituem o exemplo mais bem preservado do mundo de um complexo residencial imperial romano do final da Antiguidade. <\/p>\n\n\n\n<p><\/p>\n\n\n\n<p>Do 7<sup>\u00ba<\/sup> s\u00e9culo d.C. come\u00e7ou sua transforma\u00e7\u00e3o em uma cidade medieval e desde ent\u00e3o evoluiu para um exemplo \u00fanico de um \u201cmonumento vivo\u201d, abrigando atividades comerciais e estruturas residenciais contempor\u00e2neas. <\/p>\n\n\n\n<p><\/p>\n\n\n\n<p>Ao longo dos s\u00e9culos, os habitantes adaptaram partes do Pal\u00e1cio, de modo que tanto os edif\u00edcios internos quanto a apar\u00eancia das paredes externas foram significativamente alterados. Mas os contornos originais e o layout inicial do Pal\u00e1cio ainda s\u00e3o f\u00e1ceis de distinguir.<\/p>\n\n\n\n<blockquote class=\"wp-block-quote is-layout-flow wp-block-quote-is-layout-flow\">\n<p><\/p>\n<\/blockquote>\n\n\n\n<figure class=\"wp-block-image size-large\"><a href=\"https:\/\/visitsplitcroatia.com\/wp-content\/uploads\/2022\/12\/travel-guide2.jpg\"><img decoding=\"async\" width=\"1024\" height=\"683\" src=\"https:\/\/visitsplitcroatia.com\/wp-content\/uploads\/2022\/12\/travel-guide2-1024x683.jpg\" alt=\"Reconstru\u00e7\u00e3o ideal do Pal\u00e1cio de Diocleciano, Ernest H\u00e9brard, 1912\" class=\"wp-image-5544\"\/><\/a><figcaption class=\"wp-element-caption\"><em>Reconstru\u00e7\u00e3o ideal do Pal\u00e1cio de Diocleciano, Ernest H\u00e9brard, 1912<\/em><\/figcaption><\/figure>\n\n\n\n<figure class=\"wp-block-pullquote\"><blockquote><p><strong>DICA:<\/strong>NAVEGUE E RESERVE SUA PR\u00d3XIMA ATIVIDADE FAVORITA PARA FAZER EM SPLIT COM ANTECED\u00caNCIA!<br>NOSSAS MELHORES ESCOLHAS:  <br><a href=\"https:\/\/visitsplitcroatia.com\/pt\/tour\/passeio-a-pe-dividido\/\">PASSEIO A P\u00c9 POR SPLIT <\/a><br><a href=\"https:\/\/visitsplitcroatia.com\/pt\/tour\/split-bus-tour\/\"> \u00d4NIBUS TUR\u00cdSTICO DE TETO ABERTO DIVIDIDO<\/a><br><a href=\"https:\/\/visitsplitcroatia.com\/pt\/tour\/plitvice-lakes-tour-from-split\/\"> PASSEIO PELOS LAGOS DE PLITVICE SAINDO DE SPLIT<\/a><\/p><\/blockquote><\/figure>\n\n\n\n<figure class=\"wp-block-embed is-type-video is-provider-youtube wp-block-embed-youtube wp-embed-aspect-16-9 wp-has-aspect-ratio\"><div class=\"wp-block-embed__wrapper\">\n<iframe title=\"Passeio a p\u00e9 por Split, Cro\u00e1cia | Pal\u00e1cio de Diocleciano com a Ag\u00eancia de Viagens APODOS\" width=\"500\" height=\"281\" src=\"https:\/\/www.youtube.com\/embed\/QbH9WScB7_A?feature=oembed\" frameborder=\"0\" allow=\"accelerometer; autoplay; clipboard-write; encrypted-media; gyroscope; picture-in-picture; web-share\" referrerpolicy=\"strict-origin-when-cross-origin\" allowfullscreen><\/iframe>\n<\/div><\/figure>\n\n\n\n<p><\/p>\n\n\n\n<p><\/p>\n\n\n\n<figure class=\"wp-block-embed is-type-video is-provider-youtube wp-block-embed-youtube wp-embed-aspect-16-9 wp-has-aspect-ratio\"><div class=\"wp-block-embed__wrapper\">\n<iframe title=\"Passeio tur\u00edstico por Split, Cro\u00e1cia | City Tour por Split | Passeio de \u00f4nibus por Split, Cro\u00e1cia | Atra\u00e7\u00f5es por Split, Cro\u00e1cia\" width=\"500\" height=\"281\" src=\"https:\/\/www.youtube.com\/embed\/Y5omH19MOcE?feature=oembed\" frameborder=\"0\" allow=\"accelerometer; autoplay; clipboard-write; encrypted-media; gyroscope; picture-in-picture; web-share\" referrerpolicy=\"strict-origin-when-cross-origin\" allowfullscreen><\/iframe>\n<\/div><\/figure>\n\n\n\n<h2 class=\"wp-block-heading\"><span class=\"ez-toc-section\" id=\"Why_Was_Diocletians_Palace_Built\"><\/span><strong>Por que o Pal\u00e1cio de Diocleciano foi constru\u00eddo?&nbsp;<\/strong><span class=\"ez-toc-section-end\"><\/span><\/h2>\n\n\n\n<p>Ap\u00f3s governar o Imp\u00e9rio Romano por mais de duas d\u00e9cadas, o Imperador Diocleciano abdicou em 305 d.C., for\u00e7ado por uma doen\u00e7a progressiva. J\u00e1 em 295 d.C., ordenou que seu pal\u00e1cio de retiro fosse constru\u00eddo para ele em sua regi\u00e3o natal, a atual Dalm\u00e1cia Central.<\/p>\n\n\n\n<p><\/p>\n\n\n\n<p><\/p>\n\n\n\n<h2 class=\"wp-block-heading\"><span class=\"ez-toc-section\" id=\"Diocletians_Palace_in_Split_The_Choice_of_the_Location\"><\/span><strong>Pal\u00e1cio de Diocleciano em Split: A Escolha do Local<\/strong><span class=\"ez-toc-section-end\"><\/span><\/h2>\n\n\n\n<p>O Pal\u00e1cio foi constru\u00eddo intencionalmente na ba\u00eda bem protegida da antiga Aspalathos, de frente para as ilhas do Adri\u00e1tico Central e a poucos quil\u00f4metros de Salona, capital da prov\u00edncia romana da Dalm\u00e1cia. Al\u00e9m disso, a escolha de sua localiza\u00e7\u00e3o exata foi determinada por um fator adicional:<\/p>\n\n\n\n<p><\/p>\n\n\n\n<p>O imperador idoso e doente aproveitou a grande concentra\u00e7\u00e3o natural de fontes de enxofre encontradas na regi\u00e3o e instalou suas termas imperiais dentro do pal\u00e1cio para fins terap\u00eauticos. As termas imperiais estavam localizadas na parte sul do pal\u00e1cio, tanto no lado leste quanto no oeste.<\/p>\n\n\n\n<figure class=\"wp-block-embed is-type-video is-provider-youtube wp-block-embed-youtube wp-embed-aspect-16-9 wp-has-aspect-ratio\"><div class=\"wp-block-embed__wrapper\">\n<iframe title=\"Excurs\u00e3o \u00e0 FORTALEZA DE KLIS e P\u00d4R DO SOL saindo de Split | Local de filmagem \u00e9pico de Game of Thrones na CRO\u00c1CIA\" width=\"500\" height=\"281\" src=\"https:\/\/www.youtube.com\/embed\/xpkNEci4h9A?feature=oembed\" frameborder=\"0\" allow=\"accelerometer; autoplay; clipboard-write; encrypted-media; gyroscope; picture-in-picture; web-share\" referrerpolicy=\"strict-origin-when-cross-origin\" allowfullscreen><\/iframe>\n<\/div><\/figure>\n\n\n\n<h2 class=\"wp-block-heading\"><span class=\"ez-toc-section\" id=\"The_Egyptian_Sphinx_of_Diocletians_Palace_in_Split\"><\/span><strong>A Esfinge Eg\u00edpcia do Pal\u00e1cio de Diocleciano<\/strong> <strong>em Split<\/strong><span class=\"ez-toc-section-end\"><\/span><\/h2>\n\n\n\n<p><strong><em>A esfinge eg\u00edpcia<\/em> <\/strong>No Peristilo est\u00e1 o artefato mais antigo da cidade. Estima-se que tenha cerca de 3.500 anos e remonte ao reinado do fara\u00f3 Tutom\u00e1s, da 18\u00aa dinastia, o 3\u00ba.<sup>rd<\/sup> . <\/p>\n\n\n\n<p>Est\u00e1 localizado bem em frente ao antigo Mausol\u00e9u. Foi trazido como trof\u00e9u de guerra ap\u00f3s a bem-sucedida campanha militar do Imperador Diocleciano no Egito em 297-298 d.C.<\/p>\n\n\n\n<p><\/p>\n\n\n\n<p><\/p>\n\n\n\n<figure class=\"wp-block-image size-large\"><a href=\"https:\/\/visitsplitcroatia.com\/wp-content\/uploads\/2022\/12\/travel-guide4.jpg\"><img decoding=\"async\" width=\"1024\" height=\"683\" src=\"https:\/\/visitsplitcroatia.com\/wp-content\/uploads\/2022\/12\/travel-guide4-1024x683.jpg\" alt=\"\" class=\"wp-image-5778\"\/><\/a><figcaption class=\"wp-element-caption\"><em>O artefato mais antigo de Split \u00e9 a esfinge eg\u00edpcia de 3.500 anos que vigia o antigo Mausol\u00e9u do Imperador Diocleciano, hoje funcionando como a Catedral de S\u00e3o Domnius<\/em><\/figcaption><\/figure>\n\n\n\n<p><\/p>\n\n\n\n<blockquote class=\"wp-block-quote is-layout-flow wp-block-quote-is-layout-flow\">\n<p><\/p>\n<p><em>Este artigo foi publicado pela primeira vez no blog da ag\u00eancia de viagens APODOS.<\/em> <em>O artigo \u00e9 propriedade intelectual do blog da ag\u00eancia de viagens APODOS e \u00e9 protegido de acordo com as disposi\u00e7\u00f5es relevantes da lei croata, da lei europeia e das conven\u00e7\u00f5es internacionais.<\/em> <em>O conte\u00fado n\u00e3o pode ser copiado, reproduzido, transmitido, distribu\u00eddo, baixado ou transferido de nenhuma forma ou por nenhum meio sem o consentimento pr\u00e9vio por escrito do Blog da Ag\u00eancia de Viagens APODOS. A viola\u00e7\u00e3o de direitos autorais \u00e9 uma viola\u00e7\u00e3o da lei sujeita a penalidades criminais e civis.<\/em><\/p>\n<p><strong><em>AUTOR <\/em><\/strong><\/p>\n<p><\/p>\n\n\n<div class=\"wp-block-post-author has-background has-blush-bordeaux-gradient-background\"><div class=\"wp-block-post-author__content\"><p class=\"wp-block-post-author__name\">Magdalena Boron<\/p><\/div><\/div>\n\n\n<p> <\/p>\n<\/blockquote>\n\n\n\n<h2 class=\"wp-block-heading\"><span class=\"ez-toc-section\" id=\"All_The_Temples_of_Emperor_Diocletians_Palace_in_Split\"><\/span><strong>Todos os Templos do Pal\u00e1cio do Imperador Diocleciano<\/strong> <strong>em Split<\/strong><span class=\"ez-toc-section-end\"><\/span><\/h2>\n\n\n\n<p><em>O Temenos Oriental<\/em><strong> <\/strong>inclu\u00eddo: <em>Mausol\u00e9u do Imperador Diocleciano<\/em> tamb\u00e9m conhecido como <em>o Templo de J\u00fapiter,<\/em> convertida em catedral crist\u00e3 no s\u00e9culo V-VI d.C. A torre sineira da catedral, com seus 57 metros de altura e uma combina\u00e7\u00e3o de estilo rom\u00e2nico e g\u00f3tico, foi constru\u00edda entre os s\u00e9culos XIII e XIII.<sup>\u00ba<\/sup> e os 16<sup>\u00ba<\/sup> s\u00e9culo.<\/p>\n\n\n\n<p><\/p>\n\n\n\n<figure class=\"wp-block-image size-large\"><a href=\"https:\/\/visitsplitcroatia.com\/wp-content\/uploads\/2022\/12\/travel-guide-5.jpg\"><img decoding=\"async\" width=\"1024\" height=\"683\" src=\"https:\/\/visitsplitcroatia.com\/wp-content\/uploads\/2022\/12\/travel-guide-5-1024x683.jpg\" alt=\"\" class=\"wp-image-5777\"\/><\/a><figcaption class=\"wp-element-caption\"><em>O antigo Mausol\u00e9u do Imperador Diocleciano forneceu as bases para a constru\u00e7\u00e3o da Catedral de S\u00e3o Domnio por volta do s\u00e9culo V ou VI d.C. Com o passar do tempo, a adi\u00e7\u00e3o do impressionante campan\u00e1rio rom\u00e2nico-g\u00f3tico tornou toda a estrutura ainda mais interessante.<\/em><\/figcaption><\/figure>\n\n\n\n<p><\/p>\n\n\n\n<p><\/p>\n\n\n\n<p><em>A Catedral<\/em> obras de arte preciosas incluem: porta de madeira rom\u00e2nica de Andrija Buvina, altar lateral direito dedicado ao padroeiro de Split, S\u00e3o Domnius, obra de Bonino de Mil\u00e3o de 1427. Altar de Santo Anast\u00e1cio criado em 1448 por Juraj Dalmatinac, um importante escultor d\u00e1lmata do final do per\u00edodo g\u00f3tico-renascentista. <\/p>\n\n\n\n<p><em>O Temenos Ocidental<\/em> acomodou um templo de planta circular da Magna Mater Deorum da Anat\u00f3lia: <em>Cibele<\/em>, ainda vis\u00edvel hoje no Museu Sagrado de Split. <em>Um santu\u00e1rio<\/em> dedicado \u00e0 contraparte romana da Afrodite grega: <em>Venera era <\/em>localizado no que hoje \u00e9 o caf\u00e9 Luxor.<\/p>\n\n\n\n<p><\/p>\n\n\n\n<figure class=\"wp-block-image size-large\"><a href=\"https:\/\/visitsplitcroatia.com\/wp-content\/uploads\/2022\/12\/travel-guide-6.jpg\"><img decoding=\"async\" src=\"https:\/\/visitsplitcroatia.com\/wp-content\/uploads\/2022\/12\/travel-guide-6-1024x683.jpg\" alt=\"\" class=\"wp-image-5782\"\/><\/a><figcaption class=\"wp-element-caption\"><em>O Pequeno Templo: Seus principais artefatos s\u00e3o a ab\u00f3bada de caixot\u00f5es com suas 80 caixas e uma representa\u00e7\u00e3o de v\u00e1rias divindades em seu friso, logo acima do portal.<\/em><\/figcaption><\/figure>\n\n\n\n<p><\/p>\n\n\n\n<p>Por fim, o Pequeno Templo: erguido sobre um p\u00f3dio acima da cripta de S\u00e3o Tom\u00e1s, e inicialmente encimado por uma torre sineira e um p\u00f3rtico com uma s\u00e9rie de colunas. Mais tarde, uma esfinge eg\u00edpcia foi colocada diante de sua entrada.<\/p>\n\n\n\n<p><\/p>\n\n\n\n<figure class=\"wp-block-image size-large\"><a href=\"https:\/\/visitsplitcroatia.com\/wp-content\/uploads\/2022\/12\/travel-guide-7.jpg\"><img decoding=\"async\" width=\"1024\" height=\"683\" src=\"https:\/\/visitsplitcroatia.com\/wp-content\/uploads\/2022\/12\/travel-guide-7-1024x683.jpg\" alt=\"\" class=\"wp-image-5580\"\/><\/a><figcaption class=\"wp-element-caption\"><em>O Pequeno Templo localizado no Temenos Ocidental do Peristilo<\/em><\/figcaption><\/figure>\n\n\n\n<p><\/p>\n\n\n\n<p>A colunata ocidental original do Peristilo foi incorporada aos pal\u00e1cios nobres constru\u00eddos durante a Idade M\u00e9dia.<\/p>\n\n\n\n<p><\/p>\n\n\n\n<figure class=\"wp-block-image size-large\"><a href=\"https:\/\/visitsplitcroatia.com\/wp-content\/uploads\/2022\/12\/travel-guide-8.jpg\"><img decoding=\"async\" width=\"1024\" height=\"683\" src=\"https:\/\/visitsplitcroatia.com\/wp-content\/uploads\/2022\/12\/travel-guide-8-1024x683.jpg\" alt=\"\" class=\"wp-image-5789\"\/><\/a><figcaption class=\"wp-element-caption\">A colunata ocidental foi preservada principalmente por ter sido incorporada aos pal\u00e1cios nobres da era medieval. Dentro do Caf\u00e9 Luxor, a planta do antigo templo de V\u00eanus \u00e9 vis\u00edvel no ch\u00e3o, enquanto dentro do vizinho Museu Sagrado de Split, \u00e9 poss\u00edvel admirar os fundamentos bem preservados do templo circular de Cibele.<\/figcaption><\/figure>\n\n\n\n<p><\/p>\n\n\n\n<h2 class=\"wp-block-heading\"><span class=\"ez-toc-section\" id=\"The_Prothiron_and_the_Vestibule_of_Emperor_Diocletians_Palace_in_Split\"><\/span><strong>O Prothiron e o Vest\u00edbulo do Pal\u00e1cio do Imperador Diocleciano em Split<\/strong><span class=\"ez-toc-section-end\"><\/span><\/h2>\n\n\n\n<p>Na parte sul, <em>o Prothiron<\/em> destacado pelo lintel arqueado s\u00edrio havia uma sacada de pr\u00e9-entrada onde o Imperador aparecia em uma cerim\u00f4nia cuidadosamente encenada e se dirigia a seus s\u00faditos. <\/p>\n\n\n\n<p>Isso levou ao chamado <em>Vest\u00edbulo<\/em>, que tinha a fun\u00e7\u00e3o de sala de espera formal e de fronteira entre os espa\u00e7os p\u00fablico e privado.<\/p>\n\n\n\n<p> Em ambos os lados do Prot\u00edron, encontramos acr\u00e9scimos posteriores: capelas crist\u00e3s renascentistas e barrocas constru\u00eddas na Alta Idade M\u00e9dia. Finalmente, o canto nordeste da \u00c1gora abriga o 16\u00ba<sup>\u00ba<\/sup> s\u00e9culo <em>igreja de St. Rok.<\/em><\/p>\n\n\n\n<p><\/p>\n\n\n\n<figure class=\"wp-block-image size-large\"><a href=\"https:\/\/visitsplitcroatia.com\/wp-content\/uploads\/2022\/12\/travel-guide-9.jpg\"><img decoding=\"async\" src=\"https:\/\/visitsplitcroatia.com\/wp-content\/uploads\/2022\/12\/travel-guide-9-1024x683.jpg\" alt=\"\" class=\"wp-image-5586\"\/><\/a><figcaption class=\"wp-element-caption\"><em>O interior do Vest\u00edbulo com seu \u00f3culo: uma abertura em sua c\u00fapula semelhante \u00e0 que encontramos no Pante\u00e3o Romano<\/em><\/figcaption><\/figure>\n\n\n\n<h2 class=\"wp-block-heading\"><span class=\"ez-toc-section\" id=\"The_Substructures_of_Diocletians_Palace_in_Split\"><\/span> <p><strong>As Subestruturas de Diocleciano<\/strong><span style=\"color: revert;font-size: revert;font-weight: revert\"><strong>Pal\u00e1cio de An em Split    <\/strong><\/span><\/p><span class=\"ez-toc-section-end\"><\/span><\/h2>\n\n\n\n<p>Logo abaixo do Prothiron, encontramos uma escadaria que leva \u00e0s subestruturas do Pal\u00e1cio. Esta \u00e1rea subterr\u00e2nea \u00e9 composta por mais de 50 c\u00e2maras abobadadas e galerias em arco de diferentes formas e tamanhos, conhecidas como <em>Podrumi <\/em>significado <em>as caves<\/em> em croata. <\/p>\n\n\n\n<p>Sua fun\u00e7\u00e3o pr\u00e1tica era elevar e nivelar a parte sul do Pal\u00e1cio, constru\u00edda em um terreno ligeiramente inclinado. Sendo a parte mais bem preservada do projeto inicial do Pal\u00e1cio, os por\u00f5es nos oferecem a oportunidade de reconstruir mentalmente a apar\u00eancia original do andar residencial, que hoje se encontra em ru\u00ednas. <\/p>\n\n\n\n<p>A parte oriental das adegas est\u00e1 localizada abaixo da \u00e1rea de jantar imperial, enquanto a parte ocidental reflete a apar\u00eancia inicial dos aposentos residenciais de Diocleciano.<\/p>\n\n\n\n<p><\/p>\n\n\n\n<figure class=\"wp-block-image size-large\"><a href=\"https:\/\/visitsplitcroatia.com\/wp-content\/uploads\/2022\/12\/travel-guide-10.jpg\"><img decoding=\"async\" width=\"1024\" height=\"683\" src=\"https:\/\/visitsplitcroatia.com\/wp-content\/uploads\/2022\/12\/travel-guide-10-1024x683.jpg\" alt=\"\" class=\"wp-image-5791\"\/><\/a><figcaption class=\"wp-element-caption\"><em>O sal\u00e3o central dos por\u00f5es do Pal\u00e1cio de Diocleciano conectando a orla de Riva com o Peristilo<\/em><\/figcaption><\/figure>\n\n\n\n<p><\/p>\n\n\n\n<p><\/p>\n\n\n\n<blockquote class=\"wp-block-quote is-layout-flow wp-block-quote-is-layout-flow\">\n<p> <p><strong>Quer saber mais sobre o Pal\u00e1cio de Diocleciano em Split?<\/strong><\/p><p>Junte-se a n\u00f3s em nosso passeio a p\u00e9 MAIS BEM AVALIADO por Split!<\/p><p><a href=\"https:\/\/visitsplitcroatia.com\/pt\/tour\/passeio-a-pe-dividido\/\">Passeio a p\u00e9 por Split \u2013 3 passeios por dia \u2013 Ag\u00eancia de viagens Apodos <\/a><\/p> <\/p>\n<\/blockquote>\n\n\n\n<p><\/p>\n\n\n\n<p><\/p>\n\n\n\n<blockquote class=\"wp-block-quote is-layout-flow wp-block-quote-is-layout-flow\">\n<p> <p><strong>Quer explorar Split al\u00e9m do Pal\u00e1cio de Diocleciano?<\/strong><\/p><p>N\u00e3o h\u00e1 melhor maneira de fazer isso do que pegar nosso \u00f4nibus tur\u00edstico aberto<\/p><p><a href=\"https:\/\/visitsplitcroatia.com\/pt\/tour\/split-bus-tour\/\">Passeio de \u00f4nibus por Split \u2013 Ag\u00eancia de viagens Apodos <\/a><\/p> <\/p>\n<\/blockquote>\n\n\n\n<p><\/p>\n\n\n\n<blockquote class=\"wp-block-quote is-layout-flow wp-block-quote-is-layout-flow\">\n<p><strong>Procurando os melhores passeios de um dia saindo de Split?<\/strong><\/p>\n\n\n\n<p>Junte-se a n\u00f3s para uma experi\u00eancia verdadeiramente inesquec\u00edvel \u2013 Excurs\u00e3o aos Lagos de Plitvice saindo de Split!<\/p>\n\n\n\n<p><a href=\"https:\/\/visitsplitcroatia.com\/pt\/tour\/plitvice-lakes-tour-from-split\/\">O melhor passeio para fazer saindo de Split - Parque Nacional dos Lagos de Plitvice <\/a><\/p>\n<\/blockquote>\n\n\n\n<p><\/p>\n\n\n\n<p><\/p>\n\n\n\n<p><\/p>\n\n\n\n<figure class=\"wp-block-pullquote\"><blockquote><p>Gostou da leitura?<br>Aqui est\u00e3o outros artigos incr\u00edveis relacionados que voc\u00ea n\u00e3o deve perder:<\/p><\/blockquote><\/figure>\n\n\n\n<p class=\"has-medium-font-size\"><a href=\"https:\/\/visitsplitcroatia.com\/pt\/arquitetura-do-palacio-de-diocleciano-como-o-palacio-de-diocleciano-foi-construido\/\">Arquitetura do Pal\u00e1cio de Diocleciano | Como foi constru\u00eddo o Pal\u00e1cio de Diocleciano<\/a><\/p>","protected":false},"excerpt":{"rendered":"<p>O Pal\u00e1cio de Diocleciano em Split foi constru\u00eddo como uma vila residencial para onde o imperador romano Diocleciano se retirou ap\u00f3s sua abdica\u00e7\u00e3o em 305 d.C. Este exemplar da arquitetura romana da Antiguidade Tardia, o mais bem preservado do mundo, combina caracter\u00edsticas de um pal\u00e1cio imperial e de uma fortaleza romana [\u2026]<\/p>","protected":false},"author":70,"featured_media":5535,"comment_status":"closed","ping_status":"closed","sticky":false,"template":"","format":"standard","meta":{"footnotes":""},"categories":[16,114,118],"tags":[105,106,102,103,108,104],"class_list":["post-5532","post","type-post","status-publish","format-standard","has-post-thumbnail","hentry","category-travel-tips","category-split-croatia","category-split-croatia-travel-guide","tag-diocletians-palace","tag-diocletians-palace-architecture","tag-split","tag-split-croatia","tag-split-travel-guide","tag-split-walking-tour"],"_links":{"self":[{"href":"https:\/\/visitsplitcroatia.com\/pt\/wp-json\/wp\/v2\/posts\/5532","targetHints":{"allow":["GET"]}}],"collection":[{"href":"https:\/\/visitsplitcroatia.com\/pt\/wp-json\/wp\/v2\/posts"}],"about":[{"href":"https:\/\/visitsplitcroatia.com\/pt\/wp-json\/wp\/v2\/types\/post"}],"author":[{"embeddable":true,"href":"https:\/\/visitsplitcroatia.com\/pt\/wp-json\/wp\/v2\/users\/70"}],"replies":[{"embeddable":true,"href":"https:\/\/visitsplitcroatia.com\/pt\/wp-json\/wp\/v2\/comments?post=5532"}],"version-history":[{"count":92,"href":"https:\/\/visitsplitcroatia.com\/pt\/wp-json\/wp\/v2\/posts\/5532\/revisions"}],"predecessor-version":[{"id":6003,"href":"https:\/\/visitsplitcroatia.com\/pt\/wp-json\/wp\/v2\/posts\/5532\/revisions\/6003"}],"wp:featuredmedia":[{"embeddable":true,"href":"https:\/\/visitsplitcroatia.com\/pt\/wp-json\/wp\/v2\/media\/5535"}],"wp:attachment":[{"href":"https:\/\/visitsplitcroatia.com\/pt\/wp-json\/wp\/v2\/media?parent=5532"}],"wp:term":[{"taxonomy":"category","embeddable":true,"href":"https:\/\/visitsplitcroatia.com\/pt\/wp-json\/wp\/v2\/categories?post=5532"},{"taxonomy":"post_tag","embeddable":true,"href":"https:\/\/visitsplitcroatia.com\/pt\/wp-json\/wp\/v2\/tags?post=5532"}],"curies":[{"name":"wp","href":"https:\/\/api.w.org\/{rel}","templated":true}]}}