{"id":6077,"date":"2023-02-12T08:41:54","date_gmt":"2023-02-12T08:41:54","guid":{"rendered":"https:\/\/visitsplitcroatia.com\/?p=6077"},"modified":"2024-02-10T23:40:24","modified_gmt":"2024-02-10T23:40:24","slug":"60-amazing-facts-about-split-croatia","status":"publish","type":"post","link":"https:\/\/visitsplitcroatia.com\/pt\/60-fatos-surpreendentes-sobre-a-croacia-dividida\/","title":{"rendered":"60 fatos surpreendentes sobre Split, Cro\u00e1cia"},"content":{"rendered":"<h3 class=\"wp-block-heading\">Procurando curiosidades sobre Split, na Cro\u00e1cia? Split \u00e9 o cora\u00e7\u00e3o da Dalm\u00e1cia Central e um caso \u00fanico de cidade que se desenvolveu em torno do Pal\u00e1cio do Imperador Diocleciano: um dos 10 monumentos da Cro\u00e1cia hoje tombados pela UNESCO. <\/h3>\n\n\n\n<p><\/p>\n\n\n\n<h3 class=\"wp-block-heading\">Esses 60 fatos surpreendentes sobre a hist\u00f3ria, a arquitetura, o estilo de vida local e a cultura de Split v\u00e3o convenc\u00ea-lo de que Split \u00e9 um lugar que vale a pena descobrir!<\/h3>\n\n\n\n<figure class=\"wp-block-image size-large\"><a href=\"https:\/\/visitsplitcroatia.com\/wp-content\/uploads\/2023\/01\/split.jpg\"><img decoding=\"async\" width=\"1024\" height=\"683\" src=\"https:\/\/visitsplitcroatia.com\/wp-content\/uploads\/2023\/01\/split-1024x683.jpg\" alt=\"\" class=\"wp-image-6246\"\/><\/a><\/figure>\n\n\n\n<p><\/p>\n\n\n\n<h2 class=\"wp-block-heading\">1. Um po\u00e7o de \u00e1gua foi encontrado em 1959 nos por\u00f5es do Pal\u00e1cio do Imperador Diocleciano<\/h2>\n\n\n\n<p>Voc\u00ea provavelmente est\u00e1 se perguntando: o que h\u00e1 de especial nisso? Bem, \u00e9 muito mais antigo que o pr\u00f3prio Pal\u00e1cio. Conclus\u00e3o? Algu\u00e9m definitivamente esteve aqui muito antes de Diocleciano se mudar para sua vila de repouso em 305 d.C. Os estudiosos presumem que possam ser os suspeitos de sempre da \u00e9poca: os gregos! Mas nenhuma evid\u00eancia real foi encontrada at\u00e9 agora!<\/p>\n\n\n\n<p><\/p>\n\n\n\n<p><\/p>\n\n\n\n<h2 class=\"wp-block-heading\">2. Tabula Peutingeriana \u00e9 uma c\u00f3pia do mapa antigo original do s\u00e9culo XII-XIII<\/h2>\n\n\n\n<p>exibindo a rede completa de estradas romanas. Mas, al\u00e9m de estudar as estradas romanas, \u00e9 muito legal ver o nome Spalato no mapa tamb\u00e9m! Era assim que os romanos chamavam Split antigamente!<\/p>\n\n\n\n<p><\/p>\n\n\n\n<p><\/p>\n\n\n\n<h2 class=\"wp-block-heading\">3. Diocleciano n\u00e3o era de forma alguma um nobre aristocrata!<\/h2>\n\n\n\n<p>Ele era filho de um ex-escravo de origem il\u00edria e, antes de se tornar imperador romano, seu nome era Diocles: um nome grego t\u00edpico daquela \u00e9poca.<\/p>\n\n\n\n<p><\/p>\n\n\n\n<h2 class=\"wp-block-heading\">4. Diocleciano emitiu um \u00c9dito que marcou o in\u00edcio da mais severa<\/h2>\n\n\n\n<p>persegui\u00e7\u00f5es ao cristianismo que o Imp\u00e9rio Romano j\u00e1 viu. Da\u00ed o nome Grandes Persegui\u00e7\u00f5es ou Persegui\u00e7\u00f5es Dioclecianas de 303 d.C.<\/p>\n\n\n\n<h2 class=\"wp-block-heading\">5. Durante o mesmo per\u00edodo, Diocleciano encomenda um aqueduto de 9 km de comprimento<\/h2>\n\n\n\n<p>a ser erguido, abastecendo seu pal\u00e1cio de retiro com \u00e1gua doce do Rio Jadro. Este antigo aqueduto \u00e9 usado para abastecer Split com \u00e1gua corrente at\u00e9 hoje!<\/p>\n\n\n\n<p><\/p>\n\n\n\n<h2 class=\"wp-block-heading\">6. O Pal\u00e1cio de Split foi literalmente constru\u00eddo em cima de fontes termais naturais de enxofre!<\/h2>\n\n\n\n<p>Estamos falando de uma concentra\u00e7\u00e3o de mais de 70 nascentes, todas espalhadas pelos quase 3 hectares do Pal\u00e1cio! \u00c9 por isso que, ao passear pela orla de Riva, \u00e0s vezes voc\u00ea pode confundir o cheiro de enxofre com o cheiro de ovo podre!<\/p>\n\n\n\n<p><\/p>\n\n\n\n<h2 class=\"wp-block-heading\">7. Acredita-se que durante o in\u00edcio da Idade M\u00e9dia os moradores locais destru\u00edram e<\/h2>\n\n\n\n<p>destruiu intencionalmente muitos dos antigos artefatos pag\u00e3os romanos do Pal\u00e1cio, querendo se livrar literalmente de qualquer coisa que os lembrasse das Grandes Persegui\u00e7\u00f5es... \u00e9 por isso que a Esfinge em frente ao chamado &#039;&#039;Pequeno Templo&#039;&#039; foi... decapitada!<\/p>\n\n\n\n<h4 class=\"wp-block-heading\"><\/h4>\n\n\n\n<h2 class=\"wp-block-heading\">8.Falando em Esfinges!<\/h2>\n\n\n\n<p>A do Peristilo \u2013 a antiga pra\u00e7a principal do Pal\u00e1cio \u2013 certamente chama a aten\u00e7\u00e3o de todos! Mas nem todos sabem que ela foi trazida do Egito para Split como trof\u00e9u de guerra de Diocleciano em 297 d.C., junto com outras 12 Esfinges! A Esfinge de granito preto do Peristilo \u00e9 a \u00fanica que permanece intacta at\u00e9 hoje!<\/p>\n\n\n\n<p><\/p>\n\n\n\n<h2 class=\"wp-block-heading\">9. Diz-se que o Pal\u00e1cio de Split, da antiguidade tardia, foi inicialmente decorado com<\/h2>\n\n\n\n<p>Mais de 300 colunas coloridas! Elas eram feitas de materiais car\u00edssimos, como m\u00e1rmores e granitos, vindos de todo o Imp\u00e9rio!<\/p>\n\n\n\n<p><\/p>\n\n\n\n<h2 class=\"wp-block-heading\">10. A apenas 5 km a nordeste de Split, existem algumas incr\u00edveis ru\u00ednas romanas<\/h2>\n\n\n\n<p>Ru\u00ednas que voc\u00ea definitivamente deveria considerar visitar! \u00c9 o que restou de Salona: a capital da prov\u00edncia romana da Dalm\u00e1cia!<\/p>\n\n\n\n<figure class=\"wp-block-embed is-type-rich is-provider-embed-handler wp-block-embed-embed-handler wp-embed-aspect-16-9 wp-has-aspect-ratio\"><div class=\"wp-block-embed__wrapper\">\n<iframe title=\"Passeio a p\u00e9 por Split, Cro\u00e1cia | Pal\u00e1cio de Diocleciano com a Ag\u00eancia de Viagens APODOS\" width=\"500\" height=\"281\" src=\"https:\/\/www.youtube.com\/embed\/QbH9WScB7_A?feature=oembed\" frameborder=\"0\" allow=\"accelerometer; autoplay; clipboard-write; encrypted-media; gyroscope; picture-in-picture; web-share\" referrerpolicy=\"strict-origin-when-cross-origin\" allowfullscreen><\/iframe>\n<\/div><\/figure>\n\n\n\n<p><\/p>\n\n\n\n<h2 class=\"wp-block-heading\">11. Mesmo ap\u00f3s a morte de Diocleciano, coisas intrigantes continuam acontecendo em Split:<\/h2>\n\n\n\n<p>Algu\u00e9m \u00e9 assassinado dentro do Pal\u00e1cio! Mas esse algu\u00e9m n\u00e3o \u00e9 qualquer um: \u00e9 o \u00faltimo imperador romano ocidental de jure, J\u00falio Nepos! Ele provavelmente foi envenenado pelos pr\u00f3prios soldados em 480 d.C.<\/p>\n\n\n\n<p><\/p>\n\n\n\n<p><\/p>\n\n\n\n<h2 class=\"wp-block-heading\">12.Mas n\u00e3o \u00e9 s\u00f3 isso: consegue imaginar o Pal\u00e1cio a ser transformado<\/h2>\n\n\n\n<p>em uma f\u00e1brica de produ\u00e7\u00e3o e tingimento de tecidos? Bem, alguns estudiosos afirmam que esse foi o caso por volta do s\u00e9culo 5<sup>\u00ba<\/sup> s\u00e9culo d.C.!<\/p>\n\n\n\n<p><\/p>\n\n\n\n<h2 class=\"wp-block-heading\">13.Split \u00e9 um caso \u00fanico de um antigo pal\u00e1cio residencial romano que evoluiu para uma cidade propriamente dita!<\/h2>\n\n\n\n<p>Em resumo, o que aconteceu foi: Salona foi saqueada pelas for\u00e7as eslavas e \u00e1varas em 640 d.C.<\/p>\n\n\n\n<p>Os sobreviventes fundaram sua nova cidade medieval, SPLIT, dentro do pal\u00e1cio! Desde ent\u00e3o, ela se expandiu e se tornou a segunda maior cidade da Cro\u00e1cia moderna!<\/p>\n\n\n\n<h2 class=\"wp-block-heading\">14. Em Split voc\u00ea pode beber o melhor caf\u00e9 no Luxor Caf\u00e9 no Peristyle<\/h2>\n\n\n\n<p>enquanto conversava com uma Esfinge eg\u00edpcia original e admirava a catedral mais antiga do mundo!<\/p>\n\n\n\n<p>\u00c9 considerado um dos mais antigos porque foi constru\u00eddo dentro do antigo Mausol\u00e9u Romano do Imperador Diocleciano no final do s\u00e9culo III.<sup>rd<\/sup>-in\u00edcio 4<sup>\u00ba<\/sup> s\u00e9culo d.C.<\/p>\n\n\n\n<h2 class=\"wp-block-heading\">15.O Bispo de Salona, S\u00e3o Duje (S\u00e3o Dujam)<\/h2>\n\n\n\n<p>que morreu como v\u00edtima das persegui\u00e7\u00f5es de Diocleciano em 304 d.C., \u00e9 o santo padroeiro de Split. Uma reviravolta bastante ir\u00f4nica da hist\u00f3ria, n\u00e3o \u00e9?<\/p>\n\n\n\n<h2 class=\"wp-block-heading\">16. E agora uma velha lenda urbana vinda de Split:<\/h2>\n\n\n\n<p>Esfregar o dedo do p\u00e9 da escultura gigante de Grgur Ninski, localizada em frente ao Port\u00e3o Dourado, lhe trar\u00e1 10 anos de boa sorte! (embora alguns afirmem que isso pode durar at\u00e9 20 anos!)<\/p>\n\n\n\n<p>A escultura foi feita pelo maior artista croata de todos os tempos, Ivan Mestrovic. Onde voc\u00ea pode visitar a galeria de arte dele? Adivinhou! Em Split, \u00e9 claro!<\/p>\n\n\n\n<h2 class=\"wp-block-heading\">17.Entre os s\u00e9culos IX e XX, 6 pot\u00eancias estrangeiras diferentes governaram Split:<\/h2>\n\n\n\n<p>Biz\u00e2ncio, francos, h\u00fangaros, venezianos, franceses, austr\u00edacos<\/p>\n\n\n\n<p><\/p>\n\n\n\n<h2 class=\"wp-block-heading\">18. O \u00faltimo rei croata Stjepan II<\/h2>\n\n\n\n<p>o \u00faltimo membro da Dinastia Trpimirovic foi enterrado no mosteiro &#039;&#039;Sub pinis&#039;&#039; do Parque Sustipan em Split em 1091.<\/p>\n\n\n\n<h2 class=\"wp-block-heading\">19. Torre do Sino da Catedral de Split <\/h2>\n\n\n\n<p>foi constru\u00eddo pela primeira vez durante a primeira metade do s\u00e9culo XIII<sup>\u00ba<\/sup> s\u00e9culo apenas para ser conclu\u00eddo por volta do s\u00e9culo XVI<sup>\u00ba<\/sup> s\u00e9culo<\/p>\n\n\n\n<p>Como voc\u00ea v\u00ea, eles demoraram! Agora, imagine, na Dalm\u00e1cia o lema do estilo de vida \u00e9 <em>&#039;&#039;pomalo!&#039;&#039;<\/em> significa que n\u00e3o tenha pressa, v\u00e1 com calma!<\/p>\n\n\n\n<p><\/p>\n\n\n\n<h2 class=\"wp-block-heading\">20. Em 1424, o rei h\u00fangaro Bela IV fugiu para Split<\/h2>\n\n\n\n<p>e Trogir buscando abrigo dos t\u00e1rtaros que o perseguiam!<\/p>\n\n\n\n<p><\/p>\n\n\n\n<figure class=\"wp-block-embed is-type-rich is-provider-embed-handler wp-block-embed-embed-handler wp-embed-aspect-16-9 wp-has-aspect-ratio\"><div class=\"wp-block-embed__wrapper\">\n<iframe title=\"Passeio tur\u00edstico por Split, Cro\u00e1cia | City Tour por Split | Passeio de \u00f4nibus por Split, Cro\u00e1cia | Atra\u00e7\u00f5es por Split, Cro\u00e1cia\" width=\"500\" height=\"281\" src=\"https:\/\/www.youtube.com\/embed\/Y5omH19MOcE?feature=oembed\" frameborder=\"0\" allow=\"accelerometer; autoplay; clipboard-write; encrypted-media; gyroscope; picture-in-picture; web-share\" referrerpolicy=\"strict-origin-when-cross-origin\" allowfullscreen><\/iframe>\n<\/div><\/figure>\n\n\n\n<p><\/p>\n\n\n\n<figure class=\"wp-block-image size-large\"><a href=\"https:\/\/visitsplitcroatia.com\/wp-content\/uploads\/2022\/12\/palace-architercture-1.jpg\"><img decoding=\"async\" width=\"1024\" height=\"683\" src=\"https:\/\/visitsplitcroatia.com\/wp-content\/uploads\/2022\/12\/palace-architercture-1-1024x683.jpg\" alt=\"\" class=\"wp-image-5468\"\/><\/a><figcaption class=\"wp-element-caption\">O Peristilo do Pal\u00e1cio do Imperador Diocleciano em Split<\/figcaption><\/figure>\n\n\n\n<p><\/p>\n\n\n\n<p><\/p>\n\n\n\n<blockquote class=\"wp-block-quote is-layout-flow wp-block-quote-is-layout-flow\">\n<p><strong><em>Este artigo foi publicado pela primeira vez no blog da ag\u00eancia de viagens Apodos.<\/em><\/strong><\/p>\n\n\n\n<p><strong><em>O artigo \u00e9 propriedade intelectual do blog da ag\u00eancia de viagens Apodos e \u00e9 protegido de acordo com as disposi\u00e7\u00f5es relevantes da lei croata, da lei europeia e das conven\u00e7\u00f5es internacionais.<\/em><\/strong><\/p>\n\n\n\n<p><strong><em>O conte\u00fado n\u00e3o pode ser copiado, reproduzido, transmitido, distribu\u00eddo, baixado ou transferido de nenhuma forma ou por nenhum meio sem o consentimento pr\u00e9vio por escrito da Ag\u00eancia de Viagens Apodos. A viola\u00e7\u00e3o de direitos autorais \u00e9 uma viola\u00e7\u00e3o da lei sujeita a penalidades criminais e civis.<\/em><\/strong><\/p>\n\n\n\n<p><\/p>\n<\/blockquote>\n\n\n\n<p><\/p>\n\n\n\n<p><strong>AUTOR<\/strong>:<\/p>\n\n\n<div class=\"wp-block-post-author has-background has-luminous-vivid-orange-to-vivid-red-gradient-background\"><div class=\"wp-block-post-author__content\"><p class=\"wp-block-post-author__name\">Magdalena Boron<\/p><\/div><\/div>\n\n\n<p><\/p>\n\n\n\n<p><\/p>\n\n\n\n<figure class=\"wp-block-image size-large\"><a href=\"https:\/\/visitsplitcroatia.com\/wp-content\/uploads\/2023\/01\/riva.jpg\"><img decoding=\"async\" width=\"1024\" height=\"683\" src=\"https:\/\/visitsplitcroatia.com\/wp-content\/uploads\/2023\/01\/riva-1024x683.jpg\" alt=\"\" class=\"wp-image-6242\"\/><\/a><\/figure>\n\n\n\n<h2 class=\"wp-block-heading\">21. E a prop\u00f3sito, Split e Trogir n\u00e3o se gostavam muito<\/h2>\n\n\n\n<p>L\u00e1 na Idade M\u00e9dia! Discutir sobre fronteiras era o passatempo favorito deles!<\/p>\n\n\n\n<p><\/p>\n\n\n\n<h2 class=\"wp-block-heading\">22.Split j\u00e1 tinha sua pr\u00f3pria &#039;&#039;constitui\u00e7\u00e3o&#039;&#039; emitida em 1312<\/h2>\n\n\n\n<p>chamado de primeiro Estatuto da Cidade de Split! O documento est\u00e1 guardado no Museu da Cidade de Split<\/p>\n\n\n\n<p><\/p>\n\n\n\n<h2 class=\"wp-block-heading\">23.E nessa \u00e9poca Split at\u00e9 emitiria seu pr\u00f3prio nominal<\/h2>\n\n\n\n<p>chamado &#039;&#039;Spalatin&#039;&#039; ou &#039;&#039;Bagatin&#039;&#039;<\/p>\n\n\n\n<p><\/p>\n\n\n\n<h2 class=\"wp-block-heading\">24. Acredite ou n\u00e3o: Split foi vendida para Veneza em 1409!<\/h2>\n\n\n\n<p>Por apenas 100.000 ducados!<\/p>\n\n\n\n<h2 class=\"wp-block-heading\">25. A divis\u00e3o barroca do s\u00e9culo XVII deve ter parecido bastante impressionante<\/h2>\n\n\n\n<p>com seu sistema de muralhas em forma de estrela protegendo-a de todos os lados! Naquela \u00e9poca, essa era a \u00faltima moda em arquitetura militar!<\/p>\n\n\n\n<p><\/p>\n\n\n\n<h2 class=\"wp-block-heading\">26. Um dos cemit\u00e9rios judaicos mais antigos da Europa est\u00e1 localizado em Split!<\/h2>\n\n\n\n<p>Foi constru\u00eddo em 1573 e voc\u00ea pode visit\u00e1-lo explorando a colina Marjan<\/p>\n\n\n\n<p><\/p>\n\n\n\n<h2 class=\"wp-block-heading\">27. Al\u00e9m disso, a terceira sinagoga judaica mais antiga da Europa<\/h2>\n\n\n\n<p>tamb\u00e9m pode ser encontrado em Split! Ainda no mesmo local quando foi estabelecido inicialmente<\/p>\n\n\n\n<p>no s\u00e9culo XVI: ao lado da Pra\u00e7a Pjaca, na parte noroeste do Pal\u00e1cio, chamada Gueto.<\/p>\n\n\n\n<p><\/p>\n\n\n\n<h2 class=\"wp-block-heading\">28.Ao longo dos s\u00e9culos XVI e XVII<\/h2>\n\n\n\n<p>Split se tornou um dos mais importantes centros de com\u00e9rcio mar\u00edtimo do Mediterr\u00e2neo!<\/p>\n\n\n\n<p>Tudo gra\u00e7as a um homem: Danijel Rodrigo, de origem judaica sefardita, que convenceu Veneza a abrir um centro de transbordo e um &#039;&#039;Lazaret&#039;&#039; (quarentena) no porto de Split!<\/p>\n\n\n\n<p><\/p>\n\n\n\n<h2 class=\"wp-block-heading\">29.O sistema de quarentena, embora cuidadosamente planejado,<\/h2>\n\n\n\n<p>nem sempre foi eficiente na preven\u00e7\u00e3o de pragas. Como resultado, na epidemia de 1607, Split ficou com apenas 1.400 habitantes.<\/p>\n\n\n\n<p><\/p>\n\n\n\n<h2 class=\"wp-block-heading\">30. Gra\u00e7as a dois melhores amigos e vizinhos, muitos artefatos antigos valiosos de Salona foram salvos:<\/h2>\n\n\n\n<p>Em vez de ir tomar uma cerveja, Marko Maruli\u0107 e Dmine Papali\u0107 passavam o tempo reunindo tesouros antigos e armazenando-os na casa de Dmine, o Grande Pal\u00e1cio Papali\u0107, onde hoje fica o Museu da Cidade de Split. <\/p>\n\n\n\n<p>N\u00e3o \u00e9 de se admirar! Eles foram os maiores humanistas do Renascimento em Split!<\/p>\n\n\n\n<figure class=\"wp-block-image size-large\"><a href=\"https:\/\/visitsplitcroatia.com\/wp-content\/uploads\/2023\/01\/facts-.jpg\"><img decoding=\"async\" width=\"1024\" height=\"683\" src=\"https:\/\/visitsplitcroatia.com\/wp-content\/uploads\/2023\/01\/facts--1024x683.jpg\" alt=\"\" class=\"wp-image-6096\"\/><\/a><\/figure>\n\n\n\n<h2 class=\"wp-block-heading\">31.Um deles, Marko Maruli\u0107 (1450-1524)<\/h2>\n\n\n\n<p>\u00e9 considerado o pai da literatura croata! Ele n\u00e3o se importava com a tend\u00eancia da \u00e9poca, que era escrever livros predominantemente em latim. Ignorou o status quo, escreveu a primeira obra em l\u00edngua nacional croata, intitulada &quot;Judite&quot;, em 1501... e vendeu tudo!<\/p>\n\n\n\n<h2 class=\"wp-block-heading\">32. A tradi\u00e7\u00e3o diz que Marko Maruli\u0107 nasceu<\/h2>\n\n\n\n<p>num pequeno pal\u00e1cio, mesmo em frente ao Museu da Cidade de Split.<\/p>\n\n\n\n<p><\/p>\n\n\n\n<h2 class=\"wp-block-heading\">33. Split se tornou um destino popular para &#039;&#039;Grand Tours&#039;&#039; da era passada!<\/h2>\n\n\n\n<p>Em outras palavras, j\u00e1 era um destino de viagem imperd\u00edvel no s\u00e9culo XVII e XVIII.<\/p>\n\n\n\n<h2 class=\"wp-block-heading\">34. Quer enviar um cart\u00e3o postal de Split para casa?<\/h2>\n\n\n\n<p>Tente localizar os restos do Correio Franc\u00eas escondidos atr\u00e1s da Prefeitura da Pra\u00e7a Pjaca e use um pouco da sua imagina\u00e7\u00e3o!<\/p>\n\n\n\n<p><\/p>\n\n\n\n<h2 class=\"wp-block-heading\">35. A favor! O comandante militar geral August Marmont<\/h2>\n\n\n\n<p>Era um grande admirador de Split e da Dalm\u00e1cia. Durante sua presen\u00e7a aqui, entre 1806 e 1813, escolas foram abertas, estradas foram constru\u00eddas e a infraestrutura foi significativamente melhorada com novos jardins e parques urbanos. Napole\u00e3o queixou-se pessoalmente ao Marechal Marmont de que estava gastando dinheiro demais na Dalm\u00e1cia!<\/p>\n\n\n\n<h2 class=\"wp-block-heading\">36. Hoje em Split existe at\u00e9 a Rua Marmont:<\/h2>\n\n\n\n<p>\u00e9 a principal rua comercial bem pr\u00f3xima ao cora\u00e7\u00e3o da cidade hist\u00f3rica de Split.<\/p>\n\n\n\n<p><\/p>\n\n\n\n<h2 class=\"wp-block-heading\">37. Em 1821 foi criado o Museu Arqueol\u00f3gico de Split<\/h2>\n\n\n\n<p>\u00c9 a mais antiga institui\u00e7\u00e3o museol\u00f3gica fundada nos Balc\u00e3s.<\/p>\n\n\n\n<p><\/p>\n\n\n\n<h2 class=\"wp-block-heading\">38. A Torre do Sino da Catedral de Split recebeu uma reforma completa<\/h2>\n\n\n\n<p>entre 1890-1908<\/p>\n\n\n\n<p><\/p>\n\n\n\n<h2 class=\"wp-block-heading\">39.Recentemente o Peristilo e o Port\u00e3o Dourado<\/h2>\n\n\n\n<p>foram limpos com a mais moderna e precisa tecnologia a laser! Gra\u00e7as a isso, o calc\u00e1rio da ilha de Bra\u010d, usado na constru\u00e7\u00e3o do Pal\u00e1cio, recuperou seu antigo brilho e sua cor branca leitosa!<\/p>\n\n\n\n<p><\/p>\n\n\n\n<h2 class=\"wp-block-heading\">40. Ivan Mestrovic amava Split e doou 3 est\u00e1tuas p\u00fablicas ao seu povo<\/h2>\n\n\n\n<p>Grgur Ninski no Port\u00e3o Dourado, S\u00e3o Jo\u00e3o Batista dentro do antigo &#039;&#039;Pequeno Templo&#039;&#039; e a escultura de Marko Maruli\u0107 na Pra\u00e7a das Frutas... especialmente esta \u00faltima, acredita-se que seja a representa\u00e7\u00e3o do pr\u00f3prio rosto de Mestrovic!<\/p>\n\n\n\n<figure class=\"wp-block-image size-large\"><a href=\"https:\/\/visitsplitcroatia.com\/wp-content\/uploads\/2022\/12\/travel-guide-5.jpg\"><img decoding=\"async\" width=\"1024\" height=\"683\" src=\"https:\/\/visitsplitcroatia.com\/wp-content\/uploads\/2022\/12\/travel-guide-5-1024x683.jpg\" alt=\"\" class=\"wp-image-5777\"\/><\/a><\/figure>\n\n\n\n<h2 class=\"wp-block-heading\">41.Em 1920 a corrente el\u00e9trica \u00e9 introduzida em Split<\/h2>\n\n\n\n<p>Simbolizando o in\u00edcio da era moderna para a Dalm\u00e1cia.<\/p>\n\n\n\n<h2 class=\"wp-block-heading\">42. Em 1906, o primeiro cinema de ver\u00e3o \u00e9 inaugurado em Split!<\/h2>\n\n\n\n<p>Ele se chama Kino Karaman e continua em funcionamento at\u00e9 hoje.<\/p>\n\n\n\n<p><\/p>\n\n\n\n<h2 class=\"wp-block-heading\">43.Split foi bombardeada 3 vezes durante a Segunda Guerra Mundial<\/h2>\n\n\n\n<p>Pelas for\u00e7as italianas em 1941, pelas for\u00e7as alem\u00e3s em 1943 e pelas for\u00e7as aliadas em 1943-1944.<\/p>\n\n\n\n<p><\/p>\n\n\n\n<h2 class=\"wp-block-heading\">44. O Monte Marjan era a principal \u00e1rea de lazer de Split j\u00e1 na \u00e9poca de Diocleciano!<\/h2>\n\n\n\n<p>Mas recebeu o status de parque-floresta p\u00fablico durante o s\u00e9culo XX.<\/p>\n\n\n\n<p><\/p>\n\n\n\n<h2 class=\"wp-block-heading\">45. As palmeiras ao longo da orla de Riva<\/h2>\n\n\n\n<p>t\u00eam aproximadamente 100 anos!<\/p>\n\n\n\n<p><\/p>\n\n\n\n<h2 class=\"wp-block-heading\">46. Durante a d\u00e9cada de 1970, o projeto mais abrangente de reconstru\u00e7\u00e3o<\/h2>\n\n\n\n<p>do antigo Peristilo e dos por\u00f5es do Pal\u00e1cio do Imperador Diocleciano. Os arquitetos e especialistas em hist\u00f3ria da arte da Universidade de Minnesota, nos EUA, participaram ativamente do processo e compartilharam sua valiosa experi\u00eancia com seus colegas croatas.<\/p>\n\n\n\n<p><\/p>\n\n\n\n<h2 class=\"wp-block-heading\">47. Com 94 medalhistas ol\u00edmpicos vindos de Split entre 1952-2012<\/h2>\n\n\n\n<p>Split se orgulha de ter &quot;produzido&quot; o maior n\u00famero global de medalhistas ol\u00edmpicos per capita! Ser\u00e1 que foi o clima ameno da Dalm\u00e1cia ou o bom humor dos moradores locais que moldaram tantos atletas de sucesso?<\/p>\n\n\n\n<p>N\u00e3o sabemos... Mas ao caminhar pela extens\u00e3o do cal\u00e7ad\u00e3o de Riva em dire\u00e7\u00e3o \u00e0 costa oeste, voc\u00ea pode ler os nomes de todos os atletas locais que orgulharam a cidade. Essa \u00e9 a &quot;Cal\u00e7ada da Fama do Esporte de Split&quot;!<\/p>\n\n\n\n<p><\/p>\n\n\n\n<h2 class=\"wp-block-heading\">48. Os croatas s\u00e3o considerados a 7\u00aa na\u00e7\u00e3o mais alta do mundo<\/h2>\n\n\n\n<p>Segundo estat\u00edsticas de 2021! Isso \u00e9 especialmente verdade para as gera\u00e7\u00f5es mais jovens de Split e da Dalm\u00e1cia Central! Portanto, n\u00e3o se surpreenda se sentir um pouco baixo ao passear pela cidade!<\/p>\n\n\n\n<p><\/p>\n\n\n\n<h2 class=\"wp-block-heading\">49.At\u00e9 o in\u00edcio do s\u00e9culo XX, as mulheres d\u00e1lmatas tinham que trazer um dote<\/h2>\n\n\n\n<p>para casar! Split n\u00e3o foi exce\u00e7\u00e3o!<\/p>\n\n\n\n<p><\/p>\n\n\n\n<h2 class=\"wp-block-heading\">50. O Pal\u00e1cio de Split est\u00e1 cheio de grafites antigos!<\/h2>\n\n\n\n<p>Menor\u00e1s judaicas, letras gregas e s\u00edmbolos crist\u00e3os primitivos revelam as identidades por tr\u00e1s dos primeiros construtores e habitantes do Pal\u00e1cio!<\/p>\n\n\n\n<figure class=\"wp-block-image size-large\"><a href=\"https:\/\/visitsplitcroatia.com\/wp-content\/uploads\/2023\/01\/bacvice.jpg\"><img decoding=\"async\" width=\"1024\" height=\"683\" src=\"https:\/\/visitsplitcroatia.com\/wp-content\/uploads\/2023\/01\/bacvice-1024x683.jpg\" alt=\"\" class=\"wp-image-6243\"\/><\/a><\/figure>\n\n\n\n<h2 class=\"wp-block-heading\">51. O Vest\u00edbulo de Split \u00e9 g\u00eameo do Pante\u00e3o Romano!<\/h2>\n\n\n\n<p>Embora menos conhecido, ele foi constru\u00eddo com base na mesma l\u00f3gica, com uma abertura em sua c\u00fapula chamada \u00f3culo, que \u00e9 ainda maior em di\u00e2metro do que sua contraparte romana!<\/p>\n\n\n\n<p><\/p>\n\n\n\n<h2 class=\"wp-block-heading\">52. Freud estava em Split de f\u00e9rias em 1898<\/h2>\n\n\n\n<p>e se hospedou na deslumbrante casa de estilo neomourisco no cal\u00e7ad\u00e3o da Riva, que leva \u00e0 Pra\u00e7a das Frutas. O que ele estava fazendo ali? Isso \u00e9 um mist\u00e9rio at\u00e9 para os moradores locais!<\/p>\n\n\n\n<p>Ningu\u00e9m sabe realmente o que o pai da psicologia contempor\u00e2nea estava fazendo em Split al\u00e9m de aproveitar seu magn\u00edfico clima ensolarado!<\/p>\n\n\n\n<p><\/p>\n\n\n\n<h2 class=\"wp-block-heading\">53. O Torcida \u00e9 o mais antigo clube de adeptos de futebol organizado da Europa<\/h2>\n\n\n\n<p>Fundada na Europa em 1950! Com esses caras, ningu\u00e9m brinca! Ent\u00e3o, o mist\u00e9rio dos grafites coloridos onipresentes por toda a cidade est\u00e1 resolvido!<\/p>\n\n\n\n<p>Estas s\u00e3o literalmente cartas de amor dos f\u00e3s do Torcida para seu amado time, o Hajduk Split! (a prop\u00f3sito: n\u00e3o mencione o D\u00ednamo Zagreb quando estiver aqui!)<\/p>\n\n\n\n<p><\/p>\n\n\n\n<h2 class=\"wp-block-heading\">54. Ent\u00e3o, qual \u00e9 o Templo de J\u00fapiter?<\/h2>\n\n\n\n<p>Ningu\u00e9m sabe, nem mesmo os arque\u00f3logos locais t\u00eam certeza! Este nome foi inicialmente atribu\u00eddo ao Mausol\u00e9u, depois ao atual Batist\u00e9rio de S\u00e3o Jo\u00e3o Batista.<\/p>\n\n\n\n<p>Mas este \u00faltimo tamb\u00e9m era chamado de Templo de: Marte, Jano, Ascl\u00e9pio\u2026 para finalmente ser chamado simplesmente de &#039;&#039;O Pequeno Templo&#039;&#039; para evitar confus\u00e3o!<\/p>\n\n\n\n<p><\/p>\n\n\n\n<h2 class=\"wp-block-heading\">55.E ao lado do &#039;&#039;Pequeno Templo&#039;&#039; fica a menor rua do mundo<\/h2>\n\n\n\n<p>chamado &#039;&#039;deixe-me passar&#039;&#039;!<\/p>\n\n\n\n<p><\/p>\n\n\n\n<h2 class=\"wp-block-heading\">56.Se voc\u00ea vir uma representa\u00e7\u00e3o de uma \u00e1guia ao redor do pal\u00e1cio<\/h2>\n\n\n\n<p>esse \u00e9 um s\u00edmbolo do mais alto deus do estado romano: J\u00fapiter!<\/p>\n\n\n\n<p><\/p>\n\n\n\n<h2 class=\"wp-block-heading\">57. A representa\u00e7\u00e3o em miniatura do Pal\u00e1cio na orla de Riva<\/h2>\n\n\n\n<p>&nbsp;tamb\u00e9m \u00e9 escrito em Braille!<\/p>\n\n\n\n<p><\/p>\n\n\n\n<h2 class=\"wp-block-heading\">58. Em Split, voc\u00ea encontrar\u00e1 um guia tur\u00edstico local licenciado para lhe mostrar o local<\/h2>\n\n\n\n<p>em literalmente QUALQUER idioma que voc\u00ea quiser: incluindo chin\u00eas e japon\u00eas!<\/p>\n\n\n\n<p><\/p>\n\n\n\n<h2 class=\"wp-block-heading\">59. Um brunch t\u00edpico da Dalm\u00e1cia \u00e9 chamado Marenda e tradicionalmente inclui:<\/h2>\n\n\n\n<p>um pouco de queijo, pancetta e vinho no interior, e sardinhas e vinho nas ilhas!<\/p>\n\n\n\n<p><\/p>\n\n\n\n<h2 class=\"wp-block-heading\">60. &#039;&#039;Kava sa \u0161lagom&#039;&#039; \u00e9 o caf\u00e9 mais que voc\u00ea precisa experimentar em Split!<\/h2>\n\n\n\n<p>H\u00e1 centenas de variedades para escolher, mas votamos nesta como nossa melhor escolha!<\/p>\n\n\n\n<figure class=\"wp-block-image size-large\"><a href=\"https:\/\/visitsplitcroatia.com\/wp-content\/uploads\/2022\/12\/ticket-2-scaled.jpg\"><img decoding=\"async\" width=\"1024\" height=\"768\" src=\"https:\/\/visitsplitcroatia.com\/wp-content\/uploads\/2022\/12\/ticket-2-1024x768.jpg\" alt=\"\" class=\"wp-image-5801\"\/><\/a><\/figure>\n\n\n\n<p><\/p>\n\n\n\n<h2 class=\"has-text-align-center has-luminous-vivid-amber-to-luminous-vivid-orange-gradient-background has-background wp-block-heading\">AS MELHORES EXPERI\u00caNCIAS QUE VOC\u00ca N\u00c3O PODE PERDER NAS SUAS F\u00c9RIAS EM SPLIT!<\/h2>\n\n\n\n<p><\/p>\n\n\n\n<p><\/p>\n\n\n\n<p class=\"has-medium-font-size\"><a href=\"https:\/\/visitsplitcroatia.com\/pt\/tour\/plitvice-lakes-tour-from-split\/\">PASSEIO PELOS LAGOS DE PLITVICE SAINDO DE SPLIT<\/a><\/p>\n\n\n\n<figure class=\"wp-block-image size-large\"><a href=\"https:\/\/visitsplitcroatia.com\/wp-content\/uploads\/2022\/06\/PLITVICE-LOWEST-PRICE-1.jpg\"><img decoding=\"async\" src=\"https:\/\/visitsplitcroatia.com\/wp-content\/uploads\/2022\/06\/PLITVICE-LOWEST-PRICE-1-1024x755.jpg\" alt=\"\" class=\"wp-image-6436\"\/><\/a><\/figure>\n\n\n\n<p class=\"has-medium-font-size\"><a href=\"https:\/\/visitsplitcroatia.com\/pt\/tour\/joias-escondidas-da-dalmacia-excursao-turistica-de-48-horas\/\">JOIAS ESCONDIDAS DA DALMATIA PASSE TUR\u00cdSTICO DE 48 HORAS<\/a><\/p>\n\n\n\n<figure class=\"wp-block-image size-large\"><a href=\"https:\/\/visitsplitcroatia.com\/wp-content\/uploads\/2023\/01\/klis-web-.jpg\"><img decoding=\"async\" width=\"1024\" height=\"683\" src=\"https:\/\/visitsplitcroatia.com\/wp-content\/uploads\/2023\/01\/klis-web--1024x683.jpg\" alt=\"\" class=\"wp-image-6332\"\/><\/a><\/figure>\n\n\n\n<p><a href=\"https:\/\/visitsplitcroatia.com\/pt\/tour\/dalmatia-for-nature-lovers-countryside-half-day-tour\/\">DALMATIA PARA AMANTES DA NATUREZA - PASSEIO DE MEIO DIA PELO CAMPO<\/a><\/p>\n\n\n\n<figure class=\"wp-block-image size-large\"><a href=\"https:\/\/visitsplitcroatia.com\/wp-content\/uploads\/2023\/01\/stella-web-2.jpg\"><img decoding=\"async\" width=\"1024\" height=\"683\" src=\"https:\/\/visitsplitcroatia.com\/wp-content\/uploads\/2023\/01\/stella-web-2-1024x683.jpg\" alt=\"\" class=\"wp-image-6325\"\/><\/a><\/figure>\n\n\n\n<p><a href=\"https:\/\/visitsplitcroatia.com\/pt\/tour\/klis-fortress\/\">PASSEIO C\u00caNICO PELA FORTALEZA DE KLIS<\/a><\/p>\n\n\n\n<figure class=\"wp-block-image size-large\"><a href=\"https:\/\/visitsplitcroatia.com\/wp-content\/uploads\/2023\/01\/KLIS-1-e1674214518481.jpg\"><img decoding=\"async\" width=\"1024\" height=\"458\" src=\"https:\/\/visitsplitcroatia.com\/wp-content\/uploads\/2023\/01\/KLIS-1-e1674214518481-1024x458.jpg\" alt=\"\" class=\"wp-image-6204\"\/><\/a><\/figure>\n\n\n\n<p><a href=\"https:\/\/visitsplitcroatia.com\/pt\/tour\/ancient-salona-tour\/\">TOUR POR SALONA ANTIGA<\/a><\/p>\n\n\n\n<figure class=\"wp-block-image size-large\"><a href=\"https:\/\/visitsplitcroatia.com\/wp-content\/uploads\/2023\/01\/salona-1.jpg\"><img decoding=\"async\" width=\"1024\" height=\"683\" src=\"https:\/\/visitsplitcroatia.com\/wp-content\/uploads\/2023\/01\/salona-1-1024x683.jpg\" alt=\"\" class=\"wp-image-6198\"\/><\/a><\/figure>\n\n\n\n<p><a href=\"https:\/\/visitsplitcroatia.com\/pt\/tour\/city-sightseeing-split-croatia\/\">\u00d4nibus OFICIAL Hop On Hop Off de Split - Pontos tur\u00edsticos de Split em qualquer lugar!<\/a><\/p>\n\n\n\n<figure class=\"wp-block-image size-large\"><a href=\"https:\/\/visitsplitcroatia.com\/wp-content\/uploads\/2023\/01\/city-tour-1-web.jpg\"><img decoding=\"async\" width=\"1024\" height=\"683\" src=\"https:\/\/visitsplitcroatia.com\/wp-content\/uploads\/2023\/01\/city-tour-1-web-1024x683.jpg\" alt=\"\" class=\"wp-image-6393\"\/><\/a><\/figure>\n\n\n\n<p><a href=\"https:\/\/visitsplitcroatia.com\/pt\/tour\/passeio-a-pe-dividido\/\">PASSEIO A P\u00c9 POR SPLIT<\/a><\/p>\n\n\n\n<figure class=\"wp-block-image size-large\"><a href=\"https:\/\/visitsplitcroatia.com\/wp-content\/uploads\/2022\/06\/pjaca.jpg\"><img decoding=\"async\" width=\"1024\" height=\"683\" src=\"https:\/\/visitsplitcroatia.com\/wp-content\/uploads\/2022\/06\/pjaca-1024x683.jpg\" alt=\"\" class=\"wp-image-6254\"\/><\/a><\/figure>\n\n\n\n<figure class=\"wp-block-pullquote has-luminous-vivid-amber-to-luminous-vivid-orange-gradient-background has-background\"><blockquote><p>Gostou da leitura?<br><br>AQUI EST\u00c3O OUTROS ARTIGOS RELACIONADOS INCR\u00cdVEIS QUE VOC\u00ca N\u00c3O DEVE PERDER: <br><\/p><\/blockquote><\/figure>\n\n\n\n<figure class=\"wp-block-embed is-type-wp-embed is-provider-apodos-travel-agency wp-block-embed-apodos-travel-agency\"><div class=\"wp-block-embed__wrapper\">\n<blockquote class=\"wp-embedded-content\" data-secret=\"MyBrGpwU3K\"><a href=\"https:\/\/visitsplitcroatia.com\/pt\/palacio-de-diocleciano-em-split-um-guia-de-viagem-completo\/\">Pal\u00e1cio de Diocleciano em Split | Um Guia de Viagem Completo<\/a><\/blockquote><iframe class=\"wp-embedded-content\" sandbox=\"allow-scripts\" security=\"restricted\" style=\"position: absolute; clip: rect(1px, 1px, 1px, 1px);\" title=\"\u201cPal\u00e1cio de Diocleciano em Split | Um Guia de Viagem Completo\u201d \u2014 Ag\u00eancia de Viagens Apodos\" src=\"https:\/\/visitsplitcroatia.com\/diocletians-palace-in-split-a-complete-travel-guide\/embed\/#?secret=CxhThmjRc8#?secret=MyBrGpwU3K\" data-secret=\"MyBrGpwU3K\" width=\"500\" height=\"282\" frameborder=\"0\" marginwidth=\"0\" marginheight=\"0\" scrolling=\"no\"><\/iframe>\n<\/div><\/figure>\n\n\n\n<figure class=\"wp-block-embed is-type-wp-embed is-provider-apodos-travel-agency wp-block-embed-apodos-travel-agency\"><div class=\"wp-block-embed__wrapper\">\n<blockquote class=\"wp-embedded-content\" data-secret=\"0BlQQtisMq\"><a href=\"https:\/\/visitsplitcroatia.com\/pt\/arquitetura-do-palacio-de-diocleciano-como-o-palacio-de-diocleciano-foi-construido\/\">Arquitetura do Pal\u00e1cio de Diocleciano | Como o Pal\u00e1cio de Diocleciano foi constru\u00eddo<\/a><\/blockquote><iframe class=\"wp-embedded-content\" sandbox=\"allow-scripts\" security=\"restricted\" style=\"position: absolute; clip: rect(1px, 1px, 1px, 1px);\" title=\"\u201cArquitetura do Pal\u00e1cio de Diocleciano | Como o Pal\u00e1cio de Diocleciano foi constru\u00eddo\u201d \u2014 Ag\u00eancia de Viagens Apodos\" src=\"https:\/\/visitsplitcroatia.com\/diocletians-palace-architecture-how-was-diocletians-palace-built\/embed\/#?secret=RGr83UAsfp#?secret=0BlQQtisMq\" data-secret=\"0BlQQtisMq\" width=\"500\" height=\"282\" frameborder=\"0\" marginwidth=\"0\" marginheight=\"0\" scrolling=\"no\"><\/iframe>\n<\/div><\/figure>\n\n\n\n<figure class=\"wp-block-embed is-type-wp-embed is-provider-apodos-travel-agency wp-block-embed-apodos-travel-agency\"><div class=\"wp-block-embed__wrapper\">\n<blockquote class=\"wp-embedded-content\" data-secret=\"IymnZI9hEB\"><a href=\"https:\/\/visitsplitcroatia.com\/pt\/15-melhores-coisas-para-fazer-em-split-croacia-atracoes-mais-avaliadas-em-split-croacia\/\">15 melhores coisas para fazer em Split, Cro\u00e1cia | Atra\u00e7\u00f5es mais bem avaliadas em Split, Cro\u00e1cia<\/a><\/blockquote><iframe class=\"wp-embedded-content\" sandbox=\"allow-scripts\" security=\"restricted\" style=\"position: absolute; clip: rect(1px, 1px, 1px, 1px);\" title=\"\u201c15 melhores coisas para fazer em Split, Cro\u00e1cia | Atra\u00e7\u00f5es mais bem avaliadas em Split, Cro\u00e1cia\u201d \u2014 Ag\u00eancia de viagens Apodos\" src=\"https:\/\/visitsplitcroatia.com\/15-best-things-to-do-in-split-croatia-split-croatia-top-rated-attractions\/embed\/#?secret=GRTXnbbF0Y#?secret=IymnZI9hEB\" data-secret=\"IymnZI9hEB\" width=\"500\" height=\"282\" frameborder=\"0\" marginwidth=\"0\" marginheight=\"0\" scrolling=\"no\"><\/iframe>\n<\/div><\/figure>\n\n\n\n<p><\/p>\n\n\n\n<p><\/p>\n\n\n\n<p><\/p>\n\n\n\n<h4 class=\"wp-block-heading\"><\/h4>","protected":false},"excerpt":{"rendered":"<p>Procurando curiosidades sobre Split, na Cro\u00e1cia? Split \u00e9 o cora\u00e7\u00e3o da Dalm\u00e1cia Central e um caso \u00fanico de cidade que se desenvolveu em torno do Pal\u00e1cio do Imperador Diocleciano: um dos 10 monumentos da Cro\u00e1cia hoje tombados pela UNESCO. Estes 60 fatos surpreendentes [\u2026]<\/p>","protected":false},"author":70,"featured_media":6096,"comment_status":"closed","ping_status":"closed","sticky":false,"template":"","format":"standard","meta":{"footnotes":""},"categories":[114,118],"tags":[],"class_list":["post-6077","post","type-post","status-publish","format-standard","has-post-thumbnail","hentry","category-split-croatia","category-split-croatia-travel-guide"],"_links":{"self":[{"href":"https:\/\/visitsplitcroatia.com\/pt\/wp-json\/wp\/v2\/posts\/6077","targetHints":{"allow":["GET"]}}],"collection":[{"href":"https:\/\/visitsplitcroatia.com\/pt\/wp-json\/wp\/v2\/posts"}],"about":[{"href":"https:\/\/visitsplitcroatia.com\/pt\/wp-json\/wp\/v2\/types\/post"}],"author":[{"embeddable":true,"href":"https:\/\/visitsplitcroatia.com\/pt\/wp-json\/wp\/v2\/users\/70"}],"replies":[{"embeddable":true,"href":"https:\/\/visitsplitcroatia.com\/pt\/wp-json\/wp\/v2\/comments?post=6077"}],"version-history":[{"count":89,"href":"https:\/\/visitsplitcroatia.com\/pt\/wp-json\/wp\/v2\/posts\/6077\/revisions"}],"predecessor-version":[{"id":6519,"href":"https:\/\/visitsplitcroatia.com\/pt\/wp-json\/wp\/v2\/posts\/6077\/revisions\/6519"}],"wp:featuredmedia":[{"embeddable":true,"href":"https:\/\/visitsplitcroatia.com\/pt\/wp-json\/wp\/v2\/media\/6096"}],"wp:attachment":[{"href":"https:\/\/visitsplitcroatia.com\/pt\/wp-json\/wp\/v2\/media?parent=6077"}],"wp:term":[{"taxonomy":"category","embeddable":true,"href":"https:\/\/visitsplitcroatia.com\/pt\/wp-json\/wp\/v2\/categories?post=6077"},{"taxonomy":"post_tag","embeddable":true,"href":"https:\/\/visitsplitcroatia.com\/pt\/wp-json\/wp\/v2\/tags?post=6077"}],"curies":[{"name":"wp","href":"https:\/\/api.w.org\/{rel}","templated":true}]}}