{"id":6077,"date":"2023-02-12T08:41:54","date_gmt":"2023-02-12T08:41:54","guid":{"rendered":"https:\/\/visitsplitcroatia.com\/?p=6077"},"modified":"2024-02-10T23:40:24","modified_gmt":"2024-02-10T23:40:24","slug":"60-amazing-facts-about-split-croatia","status":"publish","type":"post","link":"https:\/\/visitsplitcroatia.com\/sv\/60-fantastiska-fakta-om-delat-kroatien\/","title":{"rendered":"60 fantastiska fakta om Split Kroatien"},"content":{"rendered":"<h3 class=\"wp-block-heading\">Letar du efter intressanta fakta om Split Kroatien? Split \u00e4r hj\u00e4rtat av centrala Dalmatien och ett unikt exempel p\u00e5 en stad som utvecklades kring kejsar Diocletianus palats: ett av dagens 10 UNESCO-monument i Kroatien. <\/h3>\n\n\n\n<p><\/p>\n\n\n\n<h3 class=\"wp-block-heading\">Dessa 60 fantastiska fakta om Splits historia, arkitektur, lokala livsstil och kultur kommer att \u00f6vertyga dig om att Split \u00e4r en plats v\u00e4rd att uppt\u00e4cka!<\/h3>\n\n\n\n<figure class=\"wp-block-image size-large\"><a href=\"https:\/\/visitsplitcroatia.com\/wp-content\/uploads\/2023\/01\/split.jpg\"><img decoding=\"async\" width=\"1024\" height=\"683\" src=\"https:\/\/visitsplitcroatia.com\/wp-content\/uploads\/2023\/01\/split-1024x683.jpg\" alt=\"\" class=\"wp-image-6246\"\/><\/a><\/figure>\n\n\n\n<p><\/p>\n\n\n\n<h2 class=\"wp-block-heading\">1.En vattenbrunn hittades 1959 i kejsar Diocletianus palats k\u00e4llare<\/h2>\n\n\n\n<p>Du undrar s\u00e4kert: vad \u00e4r det speciella med det? Tja, det \u00e4r mycket \u00e4ldre \u00e4n sj\u00e4lva palatset: Slutsats? N\u00e5gon var definitivt h\u00e4r l\u00e5ngt innan Diocletianus flyttade till sin pension\u00e4rsvilla \u00e5r 305 e.Kr. Forskare antar att det kan vara de vanliga misst\u00e4nkta f\u00f6r eran: grekerna! Men inga riktiga bevis har hittats f\u00f6rr\u00e4n nu!<\/p>\n\n\n\n<p><\/p>\n\n\n\n<p><\/p>\n\n\n\n<h2 class=\"wp-block-heading\">2. Tabula Peutingeriana \u00e4r en kopia av den ursprungliga antika kartan fr\u00e5n 1100- och 1200-talet<\/h2>\n\n\n\n<p>visar hela n\u00e4tverket av romerska v\u00e4gar. Men f\u00f6rutom att studera romerska v\u00e4gar \u00e4r det ganska h\u00e4ftigt att se namnet Spalato p\u00e5 kartan ocks\u00e5! S\u00e5 h\u00e4r kallade romarna Split f\u00f6rr i tiden!<\/p>\n\n\n\n<p><\/p>\n\n\n\n<p><\/p>\n\n\n\n<h2 class=\"wp-block-heading\">3. Diocletianus var inte p\u00e5 n\u00e5got s\u00e4tt n\u00e5gon \u00e4del aristokrat!<\/h2>\n\n\n\n<p>Han var en son till en f\u00f6re detta slav av illyriskt ursprung, och innan han blev romersk kejsare hette han Diocles: ett typiskt grekiskt namn fr\u00e5n den eran.<\/p>\n\n\n\n<p><\/p>\n\n\n\n<h2 class=\"wp-block-heading\">4. Diocletianus utf\u00e4rdade ett p\u00e5bud som lanserade b\u00f6rjan p\u00e5 det h\u00e5rdaste<\/h2>\n\n\n\n<p>f\u00f6rf\u00f6ljelser av kristendomen som det romerska riket n\u00e5gonsin sett. S\u00e5ledes namnet Stora eller Diocletianiska f\u00f6rf\u00f6ljelser av 303 AD<\/p>\n\n\n\n<h2 class=\"wp-block-heading\">5. Under samma period best\u00e4ller Diocletianus en 9 km l\u00e5ng akvedukt<\/h2>\n\n\n\n<p>att uppf\u00f6ras och f\u00f6rse hans pension\u00e4rspalats med f\u00e4rskvatten fr\u00e5n Jadrofloden. Denna gamla akvedukt anv\u00e4nds f\u00f6r att f\u00f6rse Split med rinnande vatten \u00e4n idag!<\/p>\n\n\n\n<p><\/p>\n\n\n\n<h2 class=\"wp-block-heading\">6. Palace of Split \u00e4r bokstavligen byggt ovanp\u00e5 naturliga varma svavelk\u00e4llor!<\/h2>\n\n\n\n<p>Vi talar om en koncentration av \u00f6ver 70 k\u00e4llor som alla finns runt slottets n\u00e4stan 3 hektar stora omr\u00e5de! Det \u00e4r d\u00e4rf\u00f6r n\u00e4r du promenerar nerf\u00f6r Riva vattnet kan du ibland missta doften av svavel f\u00f6r att lukta ruttna \u00e4gg!<\/p>\n\n\n\n<p><\/p>\n\n\n\n<h2 class=\"wp-block-heading\">7. Man tror att lokalbefolkningen under tidig medeltid krossade och<\/h2>\n\n\n\n<p>avsiktligt f\u00f6rst\u00f6rde m\u00e5nga av de antika hedniska romerska artefakterna i palatset och ville bli av med bokstavligen allt som p\u00e5minde dem om de stora f\u00f6rf\u00f6ljelserna... det \u00e4r d\u00e4rf\u00f6r sfinxen framf\u00f6r det s\u00e5 kallade &#039;&#039;Lilla templet&#039;&#039;\u2026 halshuggen!<\/p>\n\n\n\n<h4 class=\"wp-block-heading\"><\/h4>\n\n\n\n<h2 class=\"wp-block-heading\">8. P\u00e5 tal om sfinxer!<\/h2>\n\n\n\n<p>Den vid Peristyle \u2013 slottets gamla huvudtorg \u2013 f\u00e5ngar s\u00e4kert allas \u00f6gon! Men inte alla inser att hon f\u00f6rdes till Split fr\u00e5n Egypten som Diocletianus krigstrof\u00e9 redan 297 e.Kr., tillsammans med andra 12 sfinxer! Peristylens svarta granitsfinx \u00e4r den enda som \u00e4r kvar intakt till denna dag!<\/p>\n\n\n\n<p><\/p>\n\n\n\n<h2 class=\"wp-block-heading\">9.Det s\u00e4gs att den sena antiken Palace of Split ursprungligen dekorerades med<\/h2>\n\n\n\n<p>\u00f6ver 300 f\u00e4rgglada kolumner! De var gjorda av superdyra material som marmor och graniter fr\u00e5n hela imperiet!<\/p>\n\n\n\n<p><\/p>\n\n\n\n<h2 class=\"wp-block-heading\">10. P\u00e5 bara 5 km avst\u00e5nd nordost om Split finns n\u00e5gra fantastiska romerska<\/h2>\n\n\n\n<p>ruiner du definitivt b\u00f6r \u00f6verv\u00e4ga att bes\u00f6ka! Det \u00e4r vad som finns kvar fr\u00e5n Salona: huvudstaden i den romerska provinsen Dalmatien!<\/p>\n\n\n\n<figure class=\"wp-block-embed is-type-rich is-provider-embed-handler wp-block-embed-embed-handler wp-embed-aspect-16-9 wp-has-aspect-ratio\"><div class=\"wp-block-embed__wrapper\">\n<iframe title=\"Split Kroatien Walking Tour | Diocletianus palats med APODOS resebyr\u00e5\" width=\"500\" height=\"281\" src=\"https:\/\/www.youtube.com\/embed\/QbH9WScB7_A?feature=oembed\" frameborder=\"0\" allow=\"accelerometer; autoplay; clipboard-write; encrypted-media; gyroscope; picture-in-picture; web-share\" referrerpolicy=\"strict-origin-when-cross-origin\" allowfullscreen><\/iframe>\n<\/div><\/figure>\n\n\n\n<p><\/p>\n\n\n\n<h2 class=\"wp-block-heading\">11. \u00c4ven efter Diocletianus d\u00f6d forts\u00e4tter sp\u00e4nnande saker att h\u00e4nda i Split:<\/h2>\n\n\n\n<p>N\u00e5gon m\u00f6rdas inne i palatset! Men den d\u00e4r n\u00e5gon \u00e4r inte vem som helst: han \u00e4r den sista de jure v\u00e4stromerske kejsaren Julius Nepos! Han f\u00f6rgiftades med st\u00f6rsta sannolikhet av sina egna soldater \u00e5r 480 e.Kr<\/p>\n\n\n\n<p><\/p>\n\n\n\n<p><\/p>\n\n\n\n<h2 class=\"wp-block-heading\">12. Men det \u00e4r inte allt: Kan du f\u00f6rest\u00e4lla dig att palatset f\u00f6rvandlas<\/h2>\n\n\n\n<p>in i en fabrik som tillverkar och f\u00e4rgar textil? Tja, vissa forskare h\u00e4vdar att det var fallet runt den 5<sup>th<\/sup> \u00e5rhundradet e.Kr.!<\/p>\n\n\n\n<p><\/p>\n\n\n\n<h2 class=\"wp-block-heading\">13.Split \u00e4r ett unikt fall av ett tidigare romerskt bostadspalats som utvecklats till en riktig stad!<\/h2>\n\n\n\n<p>Sammanfattningsvis vad som h\u00e4nde \u00e4r: Salona plundrades av slaviska och avariska styrkor \u00e5r 640 e.Kr.<\/p>\n\n\n\n<p>M\u00e4nniskor som \u00f6verlevde etablerade sin nya tidiga medeltida stad-SPLIT inuti palatset! Sedan dess har det expanderat till den 2:a st\u00f6rsta staden i dagens Kroatien!<\/p>\n\n\n\n<h2 class=\"wp-block-heading\">14. I Split kan du dricka det b\u00e4sta kaffet p\u00e5 Luxor Caf\u00e9 p\u00e5 Peristyle<\/h2>\n\n\n\n<p>medan du chattar med en original egyptisk sfinx och tittar p\u00e5 den \u00e4ldsta katedralen i v\u00e4rlden!<\/p>\n\n\n\n<p>Det anses vara bland de \u00e4ldsta eftersom det byggdes inuti kejsar Diocletianus gamla romerska mausoleum fr\u00e5n slutet av 3<sup>rd<\/sup>- tidigt 4<sup>th<\/sup> \u00e5rhundradet e.Kr<\/p>\n\n\n\n<h2 class=\"wp-block-heading\">15. Biskopen av Salona, St. Duje (St. Dujam)<\/h2>\n\n\n\n<p>som dog som ett offer f\u00f6r Diocletianus f\u00f6rf\u00f6ljelser \u00e5r 304 e.Kr., \u00e4r Splits skyddshelgon. En ganska ironisk v\u00e4ndning av historien, eller hur?<\/p>\n\n\n\n<h2 class=\"wp-block-heading\">16. Och nu en gammal favoritstadslegend \u00e4nda fr\u00e5n Split:<\/h2>\n\n\n\n<p>Att gnugga t\u00e5n p\u00e5 den j\u00e4ttelika skulpturen av Grgur Ninski som ligger framf\u00f6r Golden Gate kommer att ge dig 10 \u00e5r av lycka! (\u00e4ven om vissa h\u00e4vdar att det kommer att fungera \u00e4ven i upp till 20 \u00e5r!)<\/p>\n\n\n\n<p>Skulpturen gjordes av den b\u00e4sta kroatiske konstn\u00e4ren genom tiderna Ivan Mestrovic. Var kan du bes\u00f6ka hans konstgalleri? Du har gissat r\u00e4tt! I Split s\u00e5klart!<\/p>\n\n\n\n<h2 class=\"wp-block-heading\">17. Mellan 900- och 1900-talet styrde 6 olika fr\u00e4mmande makter Split:<\/h2>\n\n\n\n<p>Bysans, franker, ungrare, venetianer, fransm\u00e4n, \u00f6sterrikare<\/p>\n\n\n\n<p><\/p>\n\n\n\n<h2 class=\"wp-block-heading\">18.Den siste kroatiske kungen Stjepan II<\/h2>\n\n\n\n<p>den sista medlemmen av Trpimirovicdynastin begravdes i &#039;&#039;Sub pinis&#039;&#039;klostret i Sustipan Park i Split 1091.<\/p>\n\n\n\n<h2 class=\"wp-block-heading\">19. Splits katedrals klocktorn <\/h2>\n\n\n\n<p>byggdes f\u00f6rst under f\u00f6rsta h\u00e4lften av den 13<sup>th<\/sup> \u00e5rhundradet bara f\u00f6r att bli f\u00e4rdigt runt 16<sup>th<\/sup> \u00e5rhundrade<\/p>\n\n\n\n<p>Som ni ser tog de sin tid! Undrar nu, i Dalmatien \u00e4r livsstilsmottot <em>&#039;&#039;pomalo!&#039;&#039;<\/em> det vill s\u00e4ga ta din tid, ta det lugnt!<\/p>\n\n\n\n<p><\/p>\n\n\n\n<h2 class=\"wp-block-heading\">20. \u00c5r 1424 flydde den ungerske kungen Bela den 4 till Split<\/h2>\n\n\n\n<p>och Trogir s\u00f6kte skydd fr\u00e5n tatarerna som jagade honom!<\/p>\n\n\n\n<p><\/p>\n\n\n\n<figure class=\"wp-block-embed is-type-rich is-provider-embed-handler wp-block-embed-embed-handler wp-embed-aspect-16-9 wp-has-aspect-ratio\"><div class=\"wp-block-embed__wrapper\">\n<iframe title=\"Split Kroatien Sightseeing | Stadsrundtur Split | Busstur till Split Kroatien | Sev\u00e4rdheter i Split Kroatien\" width=\"500\" height=\"281\" src=\"https:\/\/www.youtube.com\/embed\/Y5omH19MOcE?feature=oembed\" frameborder=\"0\" allow=\"accelerometer; autoplay; clipboard-write; encrypted-media; gyroscope; picture-in-picture; web-share\" referrerpolicy=\"strict-origin-when-cross-origin\" allowfullscreen><\/iframe>\n<\/div><\/figure>\n\n\n\n<p><\/p>\n\n\n\n<figure class=\"wp-block-image size-large\"><a href=\"https:\/\/visitsplitcroatia.com\/wp-content\/uploads\/2022\/12\/palace-architercture-1.jpg\"><img decoding=\"async\" width=\"1024\" height=\"683\" src=\"https:\/\/visitsplitcroatia.com\/wp-content\/uploads\/2022\/12\/palace-architercture-1-1024x683.jpg\" alt=\"\" class=\"wp-image-5468\"\/><\/a><figcaption class=\"wp-element-caption\">Peristylen av kejsar Diocletianus palats i Split<\/figcaption><\/figure>\n\n\n\n<p><\/p>\n\n\n\n<p><\/p>\n\n\n\n<blockquote class=\"wp-block-quote is-layout-flow wp-block-quote-is-layout-flow\">\n<p><strong><em>Den h\u00e4r artikeln publicerades f\u00f6rst p\u00e5 Apodos resebyr\u00e5blogg.<\/em><\/strong><\/p>\n\n\n\n<p><strong><em>Artikeln \u00e4r immateriell egendom som tillh\u00f6r Apodos resebyr\u00e5blogg och \u00e4r skyddad enligt relevanta best\u00e4mmelser i den kroatiska lagen, den europeiska lagen och de internationella konventionerna.<\/em><\/strong><\/p>\n\n\n\n<p><strong><em>Inneh\u00e5ll f\u00e5r inte kopieras, reproduceras, \u00f6verf\u00f6ras, distribueras, laddas ner eller \u00f6verf\u00f6ras i n\u00e5gon form eller p\u00e5 n\u00e5got s\u00e4tt utan Apodos Resebyr\u00e5s f\u00f6reg\u00e5ende skriftliga medgivande. Upphovsr\u00e4ttsintr\u00e5ng \u00e4r ett brott mot lag som \u00e4r f\u00f6rem\u00e5l f\u00f6r straffr\u00e4ttsliga och civilr\u00e4ttsliga p\u00e5f\u00f6ljder.<\/em><\/strong><\/p>\n\n\n\n<p><\/p>\n<\/blockquote>\n\n\n\n<p><\/p>\n\n\n\n<p><strong>F\u00d6RFATTARE<\/strong>:<\/p>\n\n\n<div class=\"wp-block-post-author has-background has-luminous-vivid-orange-to-vivid-red-gradient-background\"><div class=\"wp-block-post-author__content\"><p class=\"wp-block-post-author__name\">Magdalena Boron<\/p><\/div><\/div>\n\n\n<p><\/p>\n\n\n\n<p><\/p>\n\n\n\n<figure class=\"wp-block-image size-large\"><a href=\"https:\/\/visitsplitcroatia.com\/wp-content\/uploads\/2023\/01\/riva.jpg\"><img decoding=\"async\" width=\"1024\" height=\"683\" src=\"https:\/\/visitsplitcroatia.com\/wp-content\/uploads\/2023\/01\/riva-1024x683.jpg\" alt=\"\" class=\"wp-image-6242\"\/><\/a><\/figure>\n\n\n\n<h2 class=\"wp-block-heading\">21. Och f\u00f6rresten, Split och Trogir gillade inte varandra s\u00e5 mycket<\/h2>\n\n\n\n<p>tillbaka p\u00e5 medeltiden! Att br\u00e5ka \u00f6ver gr\u00e4nser var deras favorithobby!<\/p>\n\n\n\n<p><\/p>\n\n\n\n<h2 class=\"wp-block-heading\">22. Split hade sin egen &quot;konstitution&quot; utf\u00e4rdad redan 1312<\/h2>\n\n\n\n<p>kallad den f\u00f6rsta stadsstadgan f\u00f6r Split! Dokumentet f\u00f6rvaras i Splits stadsmuseum<\/p>\n\n\n\n<p><\/p>\n\n\n\n<h2 class=\"wp-block-heading\">23.Och vid denna tidpunkt skulle Split till och med utf\u00e4rda sina egna nominella<\/h2>\n\n\n\n<p>kallas &#039;&#039;Spalatin&#039;&#039; eller &#039;&#039;Bagatin&#039;&#039;<\/p>\n\n\n\n<p><\/p>\n\n\n\n<h2 class=\"wp-block-heading\">24. Tro det eller ej: Split s\u00e5ldes till Venedig 1409!<\/h2>\n\n\n\n<p>F\u00f6r endast 100 000 dukater!<\/p>\n\n\n\n<h2 class=\"wp-block-heading\">25. Barocksplittringen fr\u00e5n 1600-talet m\u00e5ste ha sett ganska imponerande ut<\/h2>\n\n\n\n<p>med sitt stj\u00e4rnformade stadsmursystem som skyddar den fr\u00e5n alla h\u00e5ll! F\u00f6rr i tiden var det det senaste modet inom milit\u00e4r arkitektur!<\/p>\n\n\n\n<p><\/p>\n\n\n\n<h2 class=\"wp-block-heading\">26. En av de \u00e4ldsta judiska kyrkog\u00e5rdarna i Europa ligger i Split!<\/h2>\n\n\n\n<p>Den byggdes 1573 och du kan bes\u00f6ka den n\u00e4r du utforskar Marjan-kullen<\/p>\n\n\n\n<p><\/p>\n\n\n\n<h2 class=\"wp-block-heading\">27. Dessutom den tredje \u00e4ldsta judiska synagogan i Europa<\/h2>\n\n\n\n<p>finns \u00e4ven i Split! Fortfarande p\u00e5 samma plats n\u00e4r det ursprungligen etablerades<\/p>\n\n\n\n<p>tillbaka p\u00e5 1500-talet: bredvid Pjaca-torget, vid den nordv\u00e4stra delen av palatset som kallas Ghetto.<\/p>\n\n\n\n<p><\/p>\n\n\n\n<h2 class=\"wp-block-heading\">28.Under hela 1500- och 1600-talen<\/h2>\n\n\n\n<p>Split blev ett av Medelhavets mest framst\u00e5ende maritima handelscentrum!<\/p>\n\n\n\n<p>Allt tack vare en man: Danijel Rodrigo av sefardisk judiskt ursprung som \u00f6vertygade Venedig att \u00f6ppna ett omlastningscenter och en &#039;&#039;Lazaret&#039;&#039;- karant\u00e4n- i Splits hamn!<\/p>\n\n\n\n<p><\/p>\n\n\n\n<h2 class=\"wp-block-heading\">29. Karant\u00e4nsystemet \u00e4r noggrant planerat,<\/h2>\n\n\n\n<p>var inte alltid effektiv f\u00f6r att f\u00f6rebygga farsoter. Som ett resultat, i 1607 epidemin Split l\u00e4mnades med endast 1400 medborgare.<\/p>\n\n\n\n<p><\/p>\n\n\n\n<h2 class=\"wp-block-heading\">30.Tack vare tv\u00e5 b\u00e4sta kompisar och grannar r\u00e4ddades m\u00e5nga v\u00e4rdefulla antika artefakter fr\u00e5n Salona:<\/h2>\n\n\n\n<p>Ist\u00e4llet f\u00f6r att ta en \u00f6l skulle Marko Maruli\u0107 och Dmine Papali\u0107 \u00e4gna sin tid \u00e5t att samla gamla skatter och f\u00f6rvara dem i Dmines hem - The Grand Papali\u0107 Palace, d\u00e4r dagens stadsmuseum i Split ligger. <\/p>\n\n\n\n<p>Inte konstigt! De var topphumanister fr\u00e5n ren\u00e4ssanstiden i Split!<\/p>\n\n\n\n<figure class=\"wp-block-image size-large\"><a href=\"https:\/\/visitsplitcroatia.com\/wp-content\/uploads\/2023\/01\/facts-.jpg\"><img decoding=\"async\" width=\"1024\" height=\"683\" src=\"https:\/\/visitsplitcroatia.com\/wp-content\/uploads\/2023\/01\/facts--1024x683.jpg\" alt=\"\" class=\"wp-image-6096\"\/><\/a><\/figure>\n\n\n\n<h2 class=\"wp-block-heading\">31. En av dem, Marko Maruli\u0107 (1450-1524)<\/h2>\n\n\n\n<p>anses vara den kroatiska litteraturens fader! Han brydde sig inte om trenden i sin tid, som var att skriva b\u00f6cker \u00f6verv\u00e4gande p\u00e5 latin. Han ignorerade status quo, skrev det f\u00f6rsta verket p\u00e5 det nationella kroatiska spr\u00e5ket med titeln &#039;&#039;Judith&#039;&#039; 1501...och s\u00e5lde slut!<\/p>\n\n\n\n<h2 class=\"wp-block-heading\">32. Traditionen s\u00e4ger att Marko Maruli\u0107 f\u00f6ddes<\/h2>\n\n\n\n<p>i ett litet palats, mittemot stadsmuseet i Split.<\/p>\n\n\n\n<p><\/p>\n\n\n\n<h2 class=\"wp-block-heading\">33.Split blev ett popul\u00e4rt resm\u00e5l f\u00f6r &#039;&#039;Grand Tours&#039;&#039; fr\u00e5n l\u00e4nge sedan!<\/h2>\n\n\n\n<p>Det var med andra ord redan p\u00e5 1600- och 1700-talet ett resm\u00e5l med bucketlist.<\/p>\n\n\n\n<h2 class=\"wp-block-heading\">34.Vill du skicka ett vykort fr\u00e5n Split hem?<\/h2>\n\n\n\n<p>F\u00f6rs\u00f6k att hitta resterna av French Post g\u00f6mda bakom Pjaca Square Town Hall och anv\u00e4nd bara lite av din fantasi!<\/p>\n\n\n\n<p><\/p>\n\n\n\n<h2 class=\"wp-block-heading\">35. Ett f\u00f6rslag! Den allm\u00e4nna milit\u00e4rbef\u00e4lhavaren August Marmont<\/h2>\n\n\n\n<p>var ett stort fan av Split och Dalmatien. Under hans n\u00e4rvaro h\u00e4r mellan 1806-1813 \u00f6ppnades skolor, v\u00e4gar byggdes, infrastrukturen f\u00f6rb\u00e4ttrades avsev\u00e4rt med nya stadstr\u00e4dg\u00e5rdar och parker. Napoleon klagade personligen till marskalk Marmont att han spenderar alldeles f\u00f6r mycket pengar p\u00e5 Dalmatien!<\/p>\n\n\n\n<h2 class=\"wp-block-heading\">36. Idag finns det till och med Marmont Street i Split:<\/h2>\n\n\n\n<p>det \u00e4r den st\u00f6rsta handelsgatan precis intill hj\u00e4rtat av Splits historiska stad.<\/p>\n\n\n\n<p><\/p>\n\n\n\n<h2 class=\"wp-block-heading\">37. \u00c5r 1821 inr\u00e4ttades Splits arkeologiska museum<\/h2>\n\n\n\n<p>Det \u00e4r den \u00e4ldsta museiinstitutionen som grundades p\u00e5 Balkan.<\/p>\n\n\n\n<p><\/p>\n\n\n\n<h2 class=\"wp-block-heading\">38. Klocktornet i Splits katedral fick en hel ansiktslyftning<\/h2>\n\n\n\n<p>mellan 1890-1908<\/p>\n\n\n\n<p><\/p>\n\n\n\n<h2 class=\"wp-block-heading\">39. Nyligen Peristyle och Golden Gate<\/h2>\n\n\n\n<p>rengjordes med den senaste och superprecis lasertekniken! Tack vare det fick kalkstenen fr\u00e5n \u00f6n Bra\u010d, som anv\u00e4ndes f\u00f6r att bygga palatset, tillbaka sin gamla gl\u00f6d och mj\u00f6lkvita f\u00e4rg!<\/p>\n\n\n\n<p><\/p>\n\n\n\n<h2 class=\"wp-block-heading\">40.Ivan Mestrovic \u00e4lskade Split och han donerade tre offentliga statyer till dess folk<\/h2>\n\n\n\n<p>Grgur Ninski vid Gyllene porten, Johannes D\u00f6paren inne i det tidigare &#039;&#039;Lilla templet&#039;&#039;, och skulpturen av Marko Maruli\u0107 p\u00e5 Frukttorget ... speciellt den senare tros vara avbildningen av Mestrovics eget ansikte!<\/p>\n\n\n\n<figure class=\"wp-block-image size-large\"><a href=\"https:\/\/visitsplitcroatia.com\/wp-content\/uploads\/2022\/12\/travel-guide-5.jpg\"><img decoding=\"async\" width=\"1024\" height=\"683\" src=\"https:\/\/visitsplitcroatia.com\/wp-content\/uploads\/2022\/12\/travel-guide-5-1024x683.jpg\" alt=\"\" class=\"wp-image-5777\"\/><\/a><\/figure>\n\n\n\n<h2 class=\"wp-block-heading\">41. 1920 introducerades elektrisk str\u00f6m till Split<\/h2>\n\n\n\n<p>Symboliserar b\u00f6rjan av den moderna eran f\u00f6r Dalmatien.<\/p>\n\n\n\n<h2 class=\"wp-block-heading\">42. \u00c5r 1906 \u00f6ppnas den f\u00f6rsta sommarbiografen i Split!<\/h2>\n\n\n\n<p>Den heter Kino Karaman, och den \u00e4r fortfarande i funktion \u00e4n idag.<\/p>\n\n\n\n<p><\/p>\n\n\n\n<h2 class=\"wp-block-heading\">43.Split bombades 3 g\u00e5nger under andra v\u00e4rldskriget<\/h2>\n\n\n\n<p>Av de italienska styrkorna 1941, de tyska styrkorna 1943 och av de allierade styrkorna 1943-1944.<\/p>\n\n\n\n<p><\/p>\n\n\n\n<h2 class=\"wp-block-heading\">44.Marjan Hill var Splits fr\u00e4msta rekreationsomr\u00e5de redan p\u00e5 Diocletianus tid!<\/h2>\n\n\n\n<p>Men den fick status som allm\u00e4n parkskog under 1900-talet.<\/p>\n\n\n\n<p><\/p>\n\n\n\n<h2 class=\"wp-block-heading\">45. Palmerna l\u00e4ngs vattnet i Riva<\/h2>\n\n\n\n<p>\u00e4r cirka 100 \u00e5r gamla!<\/p>\n\n\n\n<p><\/p>\n\n\n\n<h2 class=\"wp-block-heading\">46. Under 1970-talet det mest omfattande \u00e5teruppbyggnadsprojektet<\/h2>\n\n\n\n<p>av den antika peristilen och k\u00e4llarna i kejsar Diocletianus palats \u00e4gde rum. Arkitekterna och konstspecialisterna fr\u00e5n USA University of Minnesota var aktivt involverade i processen och delade med sig av sin v\u00e4rdefulla expertis till sina kroatiska kollegor.<\/p>\n\n\n\n<p><\/p>\n\n\n\n<h2 class=\"wp-block-heading\">47. Med 94 olympiska medalj\u00f6rer fr\u00e5n Split mellan 1952-2012<\/h2>\n\n\n\n<p>Split \u00e4r stolta \u00f6ver att ha &#039;&#039;producerat&#039;&#039; det globalt st\u00f6rsta antalet olympiska medalj\u00f6rer per capita! \u00c4r det det milda dalmatiska klimatet eller lokalbefolkningens positiva sinnestillst\u00e5nd som format s\u00e5 m\u00e5nga framg\u00e5ngsrika idrottare?<\/p>\n\n\n\n<p>Vi vet inte...Men n\u00e4r du promenerar nerf\u00f6r f\u00f6rl\u00e4ngningen av Riva-promenaden mot den v\u00e4stra kusten kan du l\u00e4sa alla namnen p\u00e5 de lokala idrottarna som gjorde sin stad stolt. Det \u00e4r &quot;Split&#039;s Sport walk of fame&quot;!<\/p>\n\n\n\n<p><\/p>\n\n\n\n<h2 class=\"wp-block-heading\">48.Kroater anses vara den 7:e h\u00f6gsta nationen i v\u00e4rlden<\/h2>\n\n\n\n<p>enligt 2021 \u00e5rs statistik! Det \u00e4r s\u00e4rskilt fallet f\u00f6r de unga generationerna i Split och Centrala Dalmatien! S\u00e5 bli inte f\u00f6rv\u00e5nad \u00f6ver att k\u00e4nna dig lite kort n\u00e4r du promenerar runt i staden!<\/p>\n\n\n\n<p><\/p>\n\n\n\n<h2 class=\"wp-block-heading\">49. Fram till b\u00f6rjan av 1900-talet var dalmatiska kvinnor tvungna att ta med en hemgift<\/h2>\n\n\n\n<p>f\u00f6r att gifta sig! Split var inget undantag!<\/p>\n\n\n\n<p><\/p>\n\n\n\n<h2 class=\"wp-block-heading\">50. Palace of Split \u00e4r fullt av ur\u00e5ldriga graffiti!<\/h2>\n\n\n\n<p>Judiska menoror, grekiska bokst\u00e4ver, tidiga kristna symboler avsl\u00f6jar identiteten bakom de f\u00f6rsta konstrukt\u00f6rerna och inv\u00e5narna av palatset!<\/p>\n\n\n\n<figure class=\"wp-block-image size-large\"><a href=\"https:\/\/visitsplitcroatia.com\/wp-content\/uploads\/2023\/01\/bacvice.jpg\"><img decoding=\"async\" width=\"1024\" height=\"683\" src=\"https:\/\/visitsplitcroatia.com\/wp-content\/uploads\/2023\/01\/bacvice-1024x683.jpg\" alt=\"\" class=\"wp-image-6243\"\/><\/a><\/figure>\n\n\n\n<h2 class=\"wp-block-heading\">51.Split&#039;s Vestibule \u00e4r Roman Pantheons tvilling!<\/h2>\n\n\n\n<p>\u00c4ven om den \u00e4r mindre k\u00e4nd, byggdes den utifr\u00e5n samma logik med en \u00f6ppning i kupolen som kallas oculus, som \u00e4r \u00e4nnu st\u00f6rre i diameter \u00e4n sin romerska motsvarighet!<\/p>\n\n\n\n<p><\/p>\n\n\n\n<h2 class=\"wp-block-heading\">52.Freud var i Split p\u00e5 helgdagar 1898<\/h2>\n\n\n\n<p>och bodde i det fantastiska huset i nymorisk stil vid strandpromenaden Riva som leder till Fruit Square. Vad gjorde han h\u00e4r? Detta \u00e4r ett mysterium \u00e4ven f\u00f6r lokalbefolkningen!<\/p>\n\n\n\n<p>Ingen vet riktigt vad den samtida psykologins fader gjorde i Split f\u00f6rutom att njuta av det magnifika soliga v\u00e4dret!<\/p>\n\n\n\n<p><\/p>\n\n\n\n<h2 class=\"wp-block-heading\">53.Torcida \u00e4r den \u00e4ldsta europeiska organiserade fotbollssupporterklubben<\/h2>\n\n\n\n<p>i Europa etablerad 1950! Inget br\u00e5k med dessa killar! S\u00e5 mysteriet med de allest\u00e4des n\u00e4rvarande f\u00e4rgglada graffitierna runt om i staden \u00e4r l\u00f6st!<\/p>\n\n\n\n<p>Det h\u00e4r \u00e4r bokstavligen k\u00e4rleksbrev fr\u00e5n Torcida-fans till deras \u00e4lskade lag Hajduk Split! (f\u00f6rresten: n\u00e4mn inte Dinamo Zagreb n\u00e4r du \u00e4r h\u00e4r!)<\/p>\n\n\n\n<p><\/p>\n\n\n\n<h2 class=\"wp-block-heading\">54. S\u00e5 vilken \u00e4r Jupiters tempel?<\/h2>\n\n\n\n<p>Ingen vet, inte ens de lokala arkeologerna \u00e4r s\u00e4kra! Detta namn tilldelades initialt mausoleet, sedan till det moderna dopet av Johannes D\u00f6paren.<\/p>\n\n\n\n<p>Men det sistn\u00e4mnda kallades ocks\u00e5 Temple of: Mars, Janus, Asclepios... f\u00f6r att slutligen bara f\u00e5 namnet &#039;&#039;Det lilla templet&#039;&#039; f\u00f6r att undvika f\u00f6rvirring!<\/p>\n\n\n\n<p><\/p>\n\n\n\n<h2 class=\"wp-block-heading\">55. Och bredvid &#039;&#039;Small Temple&#039;&#039; ligger den minsta gatan i v\u00e4rlden<\/h2>\n\n\n\n<p>kallas &#039;&#039;l\u00e5t mig passera&#039;&#039;!<\/p>\n\n\n\n<p><\/p>\n\n\n\n<h2 class=\"wp-block-heading\">56.Om du ser en skildring av en \u00f6rn runt palatset<\/h2>\n\n\n\n<p>det \u00e4r en symbol f\u00f6r den h\u00f6gsta romerska statsguden: Jupiter!<\/p>\n\n\n\n<p><\/p>\n\n\n\n<h2 class=\"wp-block-heading\">57. Miniatyrbilden av palatset vid Rivas strand<\/h2>\n\n\n\n<p>&nbsp;\u00e4r ocks\u00e5 skriven p\u00e5 punktskrift!<\/p>\n\n\n\n<p><\/p>\n\n\n\n<h2 class=\"wp-block-heading\">58.I Split hittar du en licensierad lokal reseguide som visar dig runt<\/h2>\n\n\n\n<p>bokstavligen p\u00e5 ALLA spr\u00e5k du vill: inklusive kinesiska och japanska!<\/p>\n\n\n\n<p><\/p>\n\n\n\n<h2 class=\"wp-block-heading\">59. En typisk dalmatisk brunch kallas Marenda och inkluderar traditionellt:<\/h2>\n\n\n\n<p>lite ost, pancetta och vin i det inre landet, och sardiner och vin p\u00e5 \u00f6arna!<\/p>\n\n\n\n<p><\/p>\n\n\n\n<h2 class=\"wp-block-heading\">60.&#039;&#039;Kava sa \u0161lagom&#039;&#039; \u00e4r det ultimata m\u00e5ste-prova kaffet i Split!<\/h2>\n\n\n\n<p>Det finns hundratals sorter att v\u00e4lja mellan, men vi r\u00f6star den h\u00e4r som v\u00e5rt b\u00e4sta val!<\/p>\n\n\n\n<figure class=\"wp-block-image size-large\"><a href=\"https:\/\/visitsplitcroatia.com\/wp-content\/uploads\/2022\/12\/ticket-2-scaled.jpg\"><img decoding=\"async\" width=\"1024\" height=\"768\" src=\"https:\/\/visitsplitcroatia.com\/wp-content\/uploads\/2022\/12\/ticket-2-1024x768.jpg\" alt=\"\" class=\"wp-image-5801\"\/><\/a><\/figure>\n\n\n\n<p><\/p>\n\n\n\n<h2 class=\"has-text-align-center has-luminous-vivid-amber-to-luminous-vivid-orange-gradient-background has-background wp-block-heading\">DE B\u00c4STA UPPLEVELSERNA DU INTE F\u00c5R MISSA P\u00c5 DINA SEMESTER I SPLIT!<\/h2>\n\n\n\n<p><\/p>\n\n\n\n<p><\/p>\n\n\n\n<p class=\"has-medium-font-size\"><a href=\"https:\/\/visitsplitcroatia.com\/sv\/tour\/plitvice-lakes-tour-from-split\/\">PLITVICE SJ\u00d6AR TUR FR\u00c5N SPLIT<\/a><\/p>\n\n\n\n<figure class=\"wp-block-image size-large\"><a href=\"https:\/\/visitsplitcroatia.com\/wp-content\/uploads\/2022\/06\/PLITVICE-LOWEST-PRICE-1.jpg\"><img decoding=\"async\" src=\"https:\/\/visitsplitcroatia.com\/wp-content\/uploads\/2022\/06\/PLITVICE-LOWEST-PRICE-1-1024x755.jpg\" alt=\"\" class=\"wp-image-6436\"\/><\/a><\/figure>\n\n\n\n<p class=\"has-medium-font-size\"><a href=\"https:\/\/visitsplitcroatia.com\/sv\/tour\/dolda-parlor-av-dalmatien-48-timmars-sightseeing-tur\/\">GOLDA P\u00c4RLA I DALMATIEN 48-TIMMARS SIGHTSEEING PASS<\/a><\/p>\n\n\n\n<figure class=\"wp-block-image size-large\"><a href=\"https:\/\/visitsplitcroatia.com\/wp-content\/uploads\/2023\/01\/klis-web-.jpg\"><img decoding=\"async\" width=\"1024\" height=\"683\" src=\"https:\/\/visitsplitcroatia.com\/wp-content\/uploads\/2023\/01\/klis-web--1024x683.jpg\" alt=\"\" class=\"wp-image-6332\"\/><\/a><\/figure>\n\n\n\n<p><a href=\"https:\/\/visitsplitcroatia.com\/sv\/tour\/dalmatia-for-nature-lovers-countryside-half-day-tour\/\">DALMATIA F\u00d6R NATURV\u00c4LJARE - HALVDAGSTUR P\u00c5 LANDSKAP<\/a><\/p>\n\n\n\n<figure class=\"wp-block-image size-large\"><a href=\"https:\/\/visitsplitcroatia.com\/wp-content\/uploads\/2023\/01\/stella-web-2.jpg\"><img decoding=\"async\" width=\"1024\" height=\"683\" src=\"https:\/\/visitsplitcroatia.com\/wp-content\/uploads\/2023\/01\/stella-web-2-1024x683.jpg\" alt=\"\" class=\"wp-image-6325\"\/><\/a><\/figure>\n\n\n\n<p><a href=\"https:\/\/visitsplitcroatia.com\/sv\/tour\/klis-fortress\/\">SCENISK KLIS F\u00c4STNINGSTUR<\/a><\/p>\n\n\n\n<figure class=\"wp-block-image size-large\"><a href=\"https:\/\/visitsplitcroatia.com\/wp-content\/uploads\/2023\/01\/KLIS-1-e1674214518481.jpg\"><img decoding=\"async\" width=\"1024\" height=\"458\" src=\"https:\/\/visitsplitcroatia.com\/wp-content\/uploads\/2023\/01\/KLIS-1-e1674214518481-1024x458.jpg\" alt=\"\" class=\"wp-image-6204\"\/><\/a><\/figure>\n\n\n\n<p><a href=\"https:\/\/visitsplitcroatia.com\/sv\/tour\/ancient-salona-tour\/\">ANTIK SALONATUR<\/a><\/p>\n\n\n\n<figure class=\"wp-block-image size-large\"><a href=\"https:\/\/visitsplitcroatia.com\/wp-content\/uploads\/2023\/01\/salona-1.jpg\"><img decoding=\"async\" width=\"1024\" height=\"683\" src=\"https:\/\/visitsplitcroatia.com\/wp-content\/uploads\/2023\/01\/salona-1-1024x683.jpg\" alt=\"\" class=\"wp-image-6198\"\/><\/a><\/figure>\n\n\n\n<p><a href=\"https:\/\/visitsplitcroatia.com\/sv\/tour\/city-sightseeing-split-croatia\/\">OFFICIELL Split Hop On Hop Off Bus- Sev\u00e4rdheter i Split p\u00e5 spr\u00e5ng!<\/a><\/p>\n\n\n\n<figure class=\"wp-block-image size-large\"><a href=\"https:\/\/visitsplitcroatia.com\/wp-content\/uploads\/2023\/01\/city-tour-1-web.jpg\"><img decoding=\"async\" width=\"1024\" height=\"683\" src=\"https:\/\/visitsplitcroatia.com\/wp-content\/uploads\/2023\/01\/city-tour-1-web-1024x683.jpg\" alt=\"\" class=\"wp-image-6393\"\/><\/a><\/figure>\n\n\n\n<p><a href=\"https:\/\/visitsplitcroatia.com\/sv\/tour\/split-walking-tour-2\/\">DELAVVANDRING<\/a><\/p>\n\n\n\n<figure class=\"wp-block-image size-large\"><a href=\"https:\/\/visitsplitcroatia.com\/wp-content\/uploads\/2022\/06\/pjaca.jpg\"><img decoding=\"async\" width=\"1024\" height=\"683\" src=\"https:\/\/visitsplitcroatia.com\/wp-content\/uploads\/2022\/06\/pjaca-1024x683.jpg\" alt=\"\" class=\"wp-image-6254\"\/><\/a><\/figure>\n\n\n\n<figure class=\"wp-block-pullquote has-luminous-vivid-amber-to-luminous-vivid-orange-gradient-background has-background\"><blockquote><p>Gillade du att l\u00e4sa?<br><br>H\u00c4R \u00c4R ANDRA FANTASTISKA RELATERADE ARTIKLAR DU INTE B\u00d6R MISSA: <br><\/p><\/blockquote><\/figure>\n\n\n\n<figure class=\"wp-block-embed is-type-wp-embed is-provider-apodos-travel-agency wp-block-embed-apodos-travel-agency\"><div class=\"wp-block-embed__wrapper\">\n<blockquote class=\"wp-embedded-content\" data-secret=\"MyBrGpwU3K\"><a href=\"https:\/\/visitsplitcroatia.com\/sv\/diocletians-palats-i-split-en-komplett-reseguide\/\">Diocletianus palats i Split | En komplett reseguide<\/a><\/blockquote><iframe class=\"wp-embedded-content\" sandbox=\"allow-scripts\" security=\"restricted\" style=\"position: absolute; clip: rect(1px, 1px, 1px, 1px);\" title=\"&quot;Diocletianus palats i Split | En komplett reseguide&quot; \u2014 Apodos Resebyr\u00e5\" src=\"https:\/\/visitsplitcroatia.com\/diocletians-palace-in-split-a-complete-travel-guide\/embed\/#?secret=CxhThmjRc8#?secret=MyBrGpwU3K\" data-secret=\"MyBrGpwU3K\" width=\"500\" height=\"282\" frameborder=\"0\" marginwidth=\"0\" marginheight=\"0\" scrolling=\"no\"><\/iframe>\n<\/div><\/figure>\n\n\n\n<figure class=\"wp-block-embed is-type-wp-embed is-provider-apodos-travel-agency wp-block-embed-apodos-travel-agency\"><div class=\"wp-block-embed__wrapper\">\n<blockquote class=\"wp-embedded-content\" data-secret=\"0BlQQtisMq\"><a href=\"https:\/\/visitsplitcroatia.com\/sv\/diocletians-palats-arkitektur-hur-byggdes-diokletians-palats\/\">Diocletianus palats arkitektur | Hur byggdes Diocletianus palats<\/a><\/blockquote><iframe class=\"wp-embedded-content\" sandbox=\"allow-scripts\" security=\"restricted\" style=\"position: absolute; clip: rect(1px, 1px, 1px, 1px);\" title=\"&quot;Diocletianus palatsarkitektur | Hur byggdes Diocletianus palats&quot; - Apodos Resebyr\u00e5\" src=\"https:\/\/visitsplitcroatia.com\/diocletians-palace-architecture-how-was-diocletians-palace-built\/embed\/#?secret=RGr83UAsfp#?secret=0BlQQtisMq\" data-secret=\"0BlQQtisMq\" width=\"500\" height=\"282\" frameborder=\"0\" marginwidth=\"0\" marginheight=\"0\" scrolling=\"no\"><\/iframe>\n<\/div><\/figure>\n\n\n\n<figure class=\"wp-block-embed is-type-wp-embed is-provider-apodos-travel-agency wp-block-embed-apodos-travel-agency\"><div class=\"wp-block-embed__wrapper\">\n<blockquote class=\"wp-embedded-content\" data-secret=\"IymnZI9hEB\"><a href=\"https:\/\/visitsplitcroatia.com\/sv\/15-bast-att-gora-i-split-kroatien-split-kroatien-hogst-rankade-attraktioner\/\">15 b\u00e4sta sakerna att g\u00f6ra i Split Kroatien | Split Kroatien Topprankade sev\u00e4rdheter<\/a><\/blockquote><iframe class=\"wp-embedded-content\" sandbox=\"allow-scripts\" security=\"restricted\" style=\"position: absolute; clip: rect(1px, 1px, 1px, 1px);\" title=\"\u201c15 b\u00e4sta sakerna att g\u00f6ra i Split Kroatien | Split Kroatien Topprankade attraktioner\u201d \u2014 Apodos Resebyr\u00e5\" src=\"https:\/\/visitsplitcroatia.com\/15-best-things-to-do-in-split-croatia-split-croatia-top-rated-attractions\/embed\/#?secret=GRTXnbbF0Y#?secret=IymnZI9hEB\" data-secret=\"IymnZI9hEB\" width=\"500\" height=\"282\" frameborder=\"0\" marginwidth=\"0\" marginheight=\"0\" scrolling=\"no\"><\/iframe>\n<\/div><\/figure>\n\n\n\n<p><\/p>\n\n\n\n<p><\/p>\n\n\n\n<p><\/p>\n\n\n\n<h4 class=\"wp-block-heading\"><\/h4>","protected":false},"excerpt":{"rendered":"<p>Letar du efter intressanta fakta om Split Kroatien? Split \u00e4r hj\u00e4rtat av centrala Dalmatien och ett unikt exempel p\u00e5 en stad som utvecklades kring kejsar Diocletianus palats: ett av dagens 10 UNESCO-monument i Kroatien. Dessa 60 fantastiska fakta [\u2026]<\/p>","protected":false},"author":70,"featured_media":6096,"comment_status":"closed","ping_status":"closed","sticky":false,"template":"","format":"standard","meta":{"footnotes":""},"categories":[114,118],"tags":[],"class_list":["post-6077","post","type-post","status-publish","format-standard","has-post-thumbnail","hentry","category-split-croatia","category-split-croatia-travel-guide"],"_links":{"self":[{"href":"https:\/\/visitsplitcroatia.com\/sv\/wp-json\/wp\/v2\/posts\/6077","targetHints":{"allow":["GET"]}}],"collection":[{"href":"https:\/\/visitsplitcroatia.com\/sv\/wp-json\/wp\/v2\/posts"}],"about":[{"href":"https:\/\/visitsplitcroatia.com\/sv\/wp-json\/wp\/v2\/types\/post"}],"author":[{"embeddable":true,"href":"https:\/\/visitsplitcroatia.com\/sv\/wp-json\/wp\/v2\/users\/70"}],"replies":[{"embeddable":true,"href":"https:\/\/visitsplitcroatia.com\/sv\/wp-json\/wp\/v2\/comments?post=6077"}],"version-history":[{"count":89,"href":"https:\/\/visitsplitcroatia.com\/sv\/wp-json\/wp\/v2\/posts\/6077\/revisions"}],"predecessor-version":[{"id":6519,"href":"https:\/\/visitsplitcroatia.com\/sv\/wp-json\/wp\/v2\/posts\/6077\/revisions\/6519"}],"wp:featuredmedia":[{"embeddable":true,"href":"https:\/\/visitsplitcroatia.com\/sv\/wp-json\/wp\/v2\/media\/6096"}],"wp:attachment":[{"href":"https:\/\/visitsplitcroatia.com\/sv\/wp-json\/wp\/v2\/media?parent=6077"}],"wp:term":[{"taxonomy":"category","embeddable":true,"href":"https:\/\/visitsplitcroatia.com\/sv\/wp-json\/wp\/v2\/categories?post=6077"},{"taxonomy":"post_tag","embeddable":true,"href":"https:\/\/visitsplitcroatia.com\/sv\/wp-json\/wp\/v2\/tags?post=6077"}],"curies":[{"name":"wp","href":"https:\/\/api.w.org\/{rel}","templated":true}]}}